{"id":94996,"date":"2020-08-08T13:07:13","date_gmt":"2020-08-08T17:07:13","guid":{"rendered":"https:\/\/linitiative.ca\/International\/coronavirus-1-345-nouveaux-cas-ces-dernieres-24-heures-32-007-cas-cumules-samedi-8-aout-a-18-heures\/"},"modified":"2020-08-08T13:07:13","modified_gmt":"2020-08-08T17:07:13","slug":"coronavirus-1-345-nouveaux-cas-ces-dernieres-24-heures-32-007-cas-cumules-samedi-8-aout-a-18-heures","status":"publish","type":"post","link":"https:\/\/linitiative.ca\/International\/coronavirus-1-345-nouveaux-cas-ces-dernieres-24-heures-32-007-cas-cumules-samedi-8-aout-a-18-heures\/","title":{"rendered":"Coronavirus : 1.345 nouveaux cas ces derni\u00e8res 24 heures, 32.007 cas cumul\u00e9s samedi 8 ao\u00fbt \u00e0 18 heures"},"content":{"rendered":"<p><strong>Le royaume a enregistr\u00e9 1.345 nouveaux cas positifs ces derni\u00e8res 24 heures, soit 32.007 cas cumul\u00e9s au total. Le nombre de gu\u00e9rison atteint d\u00e9sormais de 22.190.<\/strong><\/p>\n<div class=\"c10\"\/>\n<p>Le Maroc a enregistr\u00e9 un nouveau record de contaminations ces derni\u00e8res 24 heures avec 1.345 nouveaux cas de <strong>contamination<\/strong> au\u00a0coronavirus, selon le bilan du minist\u00e8re de la Sant\u00e9 \u00e0 18 heures ce samedi 8 ao\u00fbt. Le nombre total des <strong>cas positifs<\/strong> s\u2019\u00e9l\u00e8ve d\u00e9sormais \u00e0 32.007. \u00a0<\/p>\n<p><strong>Lire aussi | <a href=\"https:\/\/www.challenge.ma\/covid-19-le-maroc-retire-de-la-liste-des-pays-surs-152452\/\" target=\"_blank\" rel=\"noreferrer noopener\" aria-label=\"Covid-19&#xA0;: le Maroc retir&#xE9; de la liste des voyageurs autoris&#xE9;s dans l&#x2019;UE (opens in a new tab)\">Covid-19\u00a0: le Maroc retir\u00e9 de la liste des voyageurs autoris\u00e9s dans l\u2019UE<\/a><\/strong><\/p>\n<p>Le nombre de d\u00e9c\u00e8s est d\u00e9sormais de 480, soit 19 nouveaux d\u00e9c\u00e8s ces derni\u00e8res 24 heures. De leur c\u00f4t\u00e9, le nombre des <strong>gu\u00e9risons<\/strong> atteint 22.190, soit 642 personnes gu\u00e9ries en 24 heures.<br \/>Le minist\u00e8re invite les citoyens \u00e0 respecter les r\u00e8gles d\u2019hygi\u00e8ne et de s\u00e9curit\u00e9 sanitaire ainsi que les\u00a0<strong>mesures pr\u00e9ventives<\/strong>\u00a0prises par les autorit\u00e9s marocaines en faisant preuve de responsabilit\u00e9.<\/p>\n<p><strong>Lire aussi | <a href=\"https:\/\/www.challenge.ma\/recolte-agricole-les-agriculteurs-francais-inquiets-de-labsence-des-saisonniers-marocains-152436\/\" target=\"_blank\" rel=\"noreferrer noopener\" aria-label=\"R&#xE9;colte agricole&#xA0;: les agriculteurs fran&#xE7;ais inquiets de l&#x2019;absence des saisonniers marocains (opens in a new tab)\">R\u00e9colte agricole\u00a0: les agriculteurs fran\u00e7ais inquiets de l\u2019absence des saisonniers marocains<\/a><\/strong><\/p>\n<div class=\"vw-sticky-sidebar-wrapper vw-sticky-sidebar widget_text awac-wrapper widget_text awac widget custom_html-4 textwidget custom-html-widget\">\n<p class=\"has-background c12\"><span class=\"widget-title c11\">Tribune et D\u00e9bats<\/span><\/p>\n<p>La tribune qui vous parle d\u2019une actu, d\u2019un sujet qui fait d\u00e9bat, les traitent et les analysent. \u00c9conomistes et autres experts, patrons d\u2019entreprises, d\u00e9cideurs, acteurs de la soci\u00e9t\u00e9 civile, s\u2019y prononcent et contribuent \u00e0 sa grande richesse. Vous avez votre opinion, convergente ou diff\u00e9rente. Exprimez-la et mesurez-vous ainsi \u00e0 nos tribuns et d\u00e9batteurs.<\/p>\n<p>Envoyez vos analyses \u00e0 : <a href=\"\/cdn-cgi\/l\/email-protection#4a2925243e2b293e0a29222b26262f242d2f64272b\"><span class=\"__cf_email__\" data-cfemail=\"81e2eeeff5e0e2f5c1e2e9e0edede4efe6e4afece0\">[email\u00a0protected]<\/span><\/a>, en pr\u00e9cisant votre nom, votre pr\u00e9nom et votre m\u00e9tier.<\/p>\n<\/div>\n<p>Auteur: challenge<br \/>\n<a href=\"https:\/\/www.challenge.ma\/coronavirus-1-345-nouveaux-cas-ces-dernieres-24-heures-32-007-cas-cumules-samedi-8-aout-a-18-heures-152469\/\">Cliquez ici pour lire l&rsquo;article depuis sa source.<\/a><\/p>\n","protected":false},"excerpt":{"rendered":"<p>Le royaume a enregistr\u00e9 1.345 nouveaux cas positifs ces derni\u00e8res 24 heures, soit 32.007 cas cumul\u00e9s au total. Le nombre de gu\u00e9rison atteint d\u00e9sormais de 22.190. Le Maroc a enregistr\u00e9 un nouveau record de contaminations ces derni\u00e8res 24 heures avec 1.345 nouveaux cas de contamination au\u00a0coronavirus, selon le bilan du minist\u00e8re de la Sant\u00e9 \u00e0 [&hellip;]<\/p>\n","protected":false},"author":1787,"featured_media":0,"comment_status":"closed","ping_status":"closed","sticky":false,"template":"","format":"standard","meta":{"fifu_image_url":"","fifu_image_alt":"","footnotes":""},"categories":[78,54],"tags":[],"class_list":["post-94996","post","type-post","status-publish","format-standard","hentry","category-economie","category-maroc"],"_links":{"self":[{"href":"https:\/\/linitiative.ca\/International\/wp-json\/wp\/v2\/posts\/94996","targetHints":{"allow":["GET"]}}],"collection":[{"href":"https:\/\/linitiative.ca\/International\/wp-json\/wp\/v2\/posts"}],"about":[{"href":"https:\/\/linitiative.ca\/International\/wp-json\/wp\/v2\/types\/post"}],"author":[{"embeddable":true,"href":"https:\/\/linitiative.ca\/International\/wp-json\/wp\/v2\/users\/1787"}],"replies":[{"embeddable":true,"href":"https:\/\/linitiative.ca\/International\/wp-json\/wp\/v2\/comments?post=94996"}],"version-history":[{"count":0,"href":"https:\/\/linitiative.ca\/International\/wp-json\/wp\/v2\/posts\/94996\/revisions"}],"wp:attachment":[{"href":"https:\/\/linitiative.ca\/International\/wp-json\/wp\/v2\/media?parent=94996"}],"wp:term":[{"taxonomy":"category","embeddable":true,"href":"https:\/\/linitiative.ca\/International\/wp-json\/wp\/v2\/categories?post=94996"},{"taxonomy":"post_tag","embeddable":true,"href":"https:\/\/linitiative.ca\/International\/wp-json\/wp\/v2\/tags?post=94996"}],"curies":[{"name":"wp","href":"https:\/\/api.w.org\/{rel}","templated":true}]}}