{"id":94998,"date":"2020-08-08T16:22:15","date_gmt":"2020-08-08T20:22:15","guid":{"rendered":"https:\/\/linitiative.ca\/International\/les-ambitions-danas-sefrioui-dans-les-energies-alternatives-se-precisent\/"},"modified":"2020-08-08T16:22:15","modified_gmt":"2020-08-08T20:22:15","slug":"les-ambitions-danas-sefrioui-dans-les-energies-alternatives-se-precisent","status":"publish","type":"post","link":"https:\/\/linitiative.ca\/International\/les-ambitions-danas-sefrioui-dans-les-energies-alternatives-se-precisent\/","title":{"rendered":"Les ambitions d\u2019Anas Sefrioui dans les \u00e9nergies alternatives se pr\u00e9cisent"},"content":{"rendered":"<p><strong>On en sait un peu plus sur les ambitions d\u2019Anas Sefrioui dans l\u2019\u00e9conomie circulaire. En effet, le magnat de l\u2019immobilier qui avait cr\u00e9\u00e9 en octobre 2019, Valocim, une filiale sp\u00e9cialis\u00e9e dans la production de combustibles alternatifs, s\u2019appr\u00eate \u00e0 lancer, \u00e0 travers cette derni\u00e8re, la construction de la premi\u00e8re unit\u00e9 de production \u00e0 cet effet.<\/strong><\/p>\n<div class=\"c10\"\/>\n<p>Ce futur complexe inclura une unit\u00e9 de valorisation et traitement de d\u00e9chets industriels, ainsi qu\u2019un centre de transformation industrielle produisant un combustible alternatif. Il sera construit \u00e0 la Commune de Lambarkiyine (une commune rurale de la province de Berrechid de la r\u00e9gion de Casablanca-Settat) et n\u00e9cessitera un investissement de d\u00e9marrage de 50 millions de dirhams. La filiale Omnium des Industries et de la Promotion (holding contr\u00f4l\u00e9 par la famille Sefrioui \u00e0 plus de 80%) compte lancer les travaux de construction de sa premi\u00e8re unit\u00e9 industrielle d\u00e8s le dernier trimestre 2020, dans la foul\u00e9e de l\u2019obtention des autorisations administratives n\u00e9cessaires. En attendant, les plans de campagne et le financement sont d\u00e9j\u00e0 ficel\u00e9s pour faire de Valocim un mod\u00e8le de r\u00e9ussite au Maroc dans la fabrication du combustible alternatif, apr\u00e8s le flop de Kilimanjaro (le pionnier marocain de la production du biocarburant qui se d\u00e9p\u00eatre actuellement dans de graves difficult\u00e9s financi\u00e8res).<\/p>\n<p><strong>Lire aussi | <a href=\"https:\/\/www.challenge.ma\/hydrogene-comment-le-maroc-peut-devenir-le-premier-fournisseur-de-lunion-europeenne-152265\/\">Hydrog\u00e8ne\u00a0: Comment le Maroc peut devenir le premier fournisseur de l\u2019Union Europ\u00e9enne<\/a><\/strong><\/p>\n<p>Il faut dire que Ciments de l\u2019Atlas, l\u2019autre gros morceau d\u2019Omnium des Industries et de la Promotion qui op\u00e8re dans une activit\u00e9 des plus \u00e9nergivores, compte deux cimenteries au Maroc dont la principale se trouve \u00e0 Ben Ahmed, soit \u00e0 peine \u00e0 pr\u00e8s de 30 km du site de Valocim. Aussi, gr\u00e2ce aux seules synergies exploitables au sein de son groupe, Valocim ne devra point peiner \u00e0 op\u00e9rer une mont\u00e9e rapide en puissance. En attendant, cette nouvelle entit\u00e9 est en pleine phase de recrutement de l\u2019\u00e9quipe qui va piloter le projet avant le d\u00e9marrage op\u00e9rationnel pr\u00e9vu au cours de la deuxi\u00e8me moiti\u00e9 de 2021.<\/p>\n<p><strong>Lire aussi |<a href=\"https:\/\/www.challenge.ma\/la-region-fes-meknes-decroche-un-pret-de-320-mdh-aupres-de-la-sfi-152406\/\">La R\u00e9gion F\u00e8s-Mekn\u00e8s d\u00e9croche un pr\u00eat de 320 MDH aupr\u00e8s de la SFI<\/a><\/strong><\/p>\n<div class=\"vw-sticky-sidebar-wrapper vw-sticky-sidebar widget_text awac-wrapper widget_text awac widget custom_html-4 textwidget custom-html-widget\">\n<p class=\"has-background c12\"><span class=\"widget-title c11\">Tribune et D\u00e9bats<\/span><\/p>\n<p>La tribune qui vous parle d\u2019une actu, d\u2019un sujet qui fait d\u00e9bat, les traitent et les analysent. \u00c9conomistes et autres experts, patrons d\u2019entreprises, d\u00e9cideurs, acteurs de la soci\u00e9t\u00e9 civile, s\u2019y prononcent et contribuent \u00e0 sa grande richesse. Vous avez votre opinion, convergente ou diff\u00e9rente. Exprimez-la et mesurez-vous ainsi \u00e0 nos tribuns et d\u00e9batteurs.<\/p>\n<p>Envoyez vos analyses \u00e0 : <a href=\"\/cdn-cgi\/l\/email-protection#95f6fafbe1f4f6e1d5f6fdf4f9f9f0fbf2f0bbf8f4\"><span class=\"__cf_email__\" data-cfemail=\"f1929e9f85909285b19299909d9d949f9694df9c90\">[email\u00a0protected]<\/span><\/a>, en pr\u00e9cisant votre nom, votre pr\u00e9nom et votre m\u00e9tier.<\/p>\n<\/div>\n<p>Auteur: Amine Amrani<br \/>\n<a href=\"https:\/\/www.challenge.ma\/les-ambitions-danas-sefrioui-dans-les-energies-alternatives-se-precisent-152117\/\">Cliquez ici pour lire l&rsquo;article depuis sa source.<\/a><\/p>\n","protected":false},"excerpt":{"rendered":"<p>On en sait un peu plus sur les ambitions d\u2019Anas Sefrioui dans l\u2019\u00e9conomie circulaire. En effet, le magnat de l\u2019immobilier qui avait cr\u00e9\u00e9 en octobre 2019, Valocim, une filiale sp\u00e9cialis\u00e9e dans la production de combustibles alternatifs, s\u2019appr\u00eate \u00e0 lancer, \u00e0 travers cette derni\u00e8re, la construction de la premi\u00e8re unit\u00e9 de production \u00e0 cet effet. Ce [&hellip;]<\/p>\n","protected":false},"author":1787,"featured_media":0,"comment_status":"closed","ping_status":"closed","sticky":false,"template":"","format":"standard","meta":{"fifu_image_url":"","fifu_image_alt":"","footnotes":""},"categories":[78,54],"tags":[],"class_list":["post-94998","post","type-post","status-publish","format-standard","hentry","category-economie","category-maroc"],"_links":{"self":[{"href":"https:\/\/linitiative.ca\/International\/wp-json\/wp\/v2\/posts\/94998","targetHints":{"allow":["GET"]}}],"collection":[{"href":"https:\/\/linitiative.ca\/International\/wp-json\/wp\/v2\/posts"}],"about":[{"href":"https:\/\/linitiative.ca\/International\/wp-json\/wp\/v2\/types\/post"}],"author":[{"embeddable":true,"href":"https:\/\/linitiative.ca\/International\/wp-json\/wp\/v2\/users\/1787"}],"replies":[{"embeddable":true,"href":"https:\/\/linitiative.ca\/International\/wp-json\/wp\/v2\/comments?post=94998"}],"version-history":[{"count":0,"href":"https:\/\/linitiative.ca\/International\/wp-json\/wp\/v2\/posts\/94998\/revisions"}],"wp:attachment":[{"href":"https:\/\/linitiative.ca\/International\/wp-json\/wp\/v2\/media?parent=94998"}],"wp:term":[{"taxonomy":"category","embeddable":true,"href":"https:\/\/linitiative.ca\/International\/wp-json\/wp\/v2\/categories?post=94998"},{"taxonomy":"post_tag","embeddable":true,"href":"https:\/\/linitiative.ca\/International\/wp-json\/wp\/v2\/tags?post=94998"}],"curies":[{"name":"wp","href":"https:\/\/api.w.org\/{rel}","templated":true}]}}