{"id":95019,"date":"2020-08-08T17:34:29","date_gmt":"2020-08-08T21:34:29","guid":{"rendered":"https:\/\/linitiative.ca\/International\/catastrophe-ferroviaire-deseka-le-cameroun-tarde-a-tirer-des-lecons\/"},"modified":"2020-08-08T17:34:29","modified_gmt":"2020-08-08T21:34:29","slug":"catastrophe-ferroviaire-deseka-le-cameroun-tarde-a-tirer-des-lecons","status":"publish","type":"post","link":"https:\/\/linitiative.ca\/International\/catastrophe-ferroviaire-deseka-le-cameroun-tarde-a-tirer-des-lecons\/","title":{"rendered":"Catastrophe ferroviaire d\u2019Eseka : Le Cameroun tarde \u00e0 tirer des le\u00e7ons"},"content":{"rendered":"<p>Soixante-dix-huit jours encore et le Cameroun entamera la quatri\u00e8me ann\u00e9e du d\u00e9raillement ayant fait 79 morts et 575 bless\u00e9s \u00e0 Eseka, dans le Nyong-Ekelle le 21 octobre 2016. Cela fait aussi trois ans que le chef de l\u2019Etat, dans l\u2019optique d\u2019\u00e9viter la survenue d\u2019autres catastrophes de ce genre, a instruit la cr\u00e9ation \u00ab\u00a0\u00e0 br\u00e8ve \u00e9ch\u00e9ance\u00a0\u00bb d\u2019une structure nationale qui devait assurer la mise aux normes du chemin de fer et du mat\u00e9riel roulant.<\/p>\n<p><strong>Lire aussi<\/strong> : <a href=\"https:\/\/ecomatin.net\/catastrophe-deseka-que-sont-devenues-les-conclusions-du-rapport-denquete\/\">Catastrophe d\u2019Eseka que sont devenues les conclusions du rapport d\u2019enqu\u00eate<\/a><\/p>\n<p>La soci\u00e9t\u00e9 de gestion du patrimoine devait entre autres travailler \u00e0 la construction d\u2019une voie de contournement par Ot\u00e9l\u00e9-Makak-Eseka. <em>\u00ab\u00a0Il y a un DGA qui a \u00e9t\u00e9 nomm\u00e9 de m\u00eame qu\u2019un PCA qui repr\u00e9sente l\u2019Etat. Mais l\u00e0 o\u00f9 les choses bloquent, c\u2019est sur la mise en place de cette structure qui devrait garantir la s\u00e9curit\u00e9 des personnes et des biens\u00a0\u00bb,<\/em> explique Jacques Bima\u00ef dont la soci\u00e9t\u00e9 (Sitrafer) assurait l\u2019entretien du chemin de fer avant d\u2019\u00eatre d\u00e9class\u00e9 en 2009 par la Camrail. Les deux structures sont depuis engag\u00e9es dans des batailles judiciaires.<\/p>\n<p><strong>Lire aussi<\/strong> : <a href=\"https:\/\/ecomatin.net\/camrail-42-wagons-supplementaires-pour-booster-le-flux-de-trafic\/\">Camrail\u00a0: 2 wagons suppl\u00e9mentaires pour booster le flux de trafic<\/a><\/p>\n<p>La d\u00e9cision du chef de l\u2019Etat renationalisait le contr\u00f4le du rail et des trains\u00a0? Toutes choses qui avaient \u00e9t\u00e9 confi\u00e9es \u00e0 Camrail en 2009, au d\u00e9tour d\u2019un amendement \u00e0 sa concession. <em>\u00ab\u00a0L\u2019existence de la soci\u00e9t\u00e9 de patrimoine suppose un inventaire de ce patrimoine, de mettre en place, comme pour les voitures, une structure de contr\u00f4le technique de mat\u00e9riel roulant et de la voie ferr\u00e9e. Ce qui veut dire que n\u2019importe quelle carcasse ne va plus rouler. Or tout ceci n\u00e9cessite des investissements de \u00a0la part du concessionnaire. Au lieu de le faire on nous parle aujourd\u2019hui du lancement du train rapide inter-city entre Yaound\u00e9 et Douala mais qui peut nous assurer que la s\u00e9curit\u00e9 des Camerounais est garantie sur les rails\u00a0? On n\u2019est pas prot\u00e9g\u00e9s d\u2019une prochaine catastrophe\u00bb<\/em>, pr\u00e9cise Jacques Bima\u00ef, l\u2019un des penseurs de cette initiative.<\/p>\n<p>Dans le d\u00e9tail, le groupe Bollor\u00e9 obtient en 1999 une concession l\u2019autorisant \u00e0 assurer le transport des marchandises par train sur le territoire nationale et vers certains pays de la Cemac comme le Tchad et la Centrafrique. Par un avenant pris en 2005, l\u2019Etat du Cameroun engage le transport des personnes et le confie \u00e0 Camrail qui devient de fait le seul concessionnaire, recevant dans la foul\u00e9e des financements pour le renouvellement des infrastructures ferroviaires.<\/p>\n<p><strong>Lire aussi<\/strong> : <a href=\"https:\/\/ecomatin.net\/accident-deseka-cerutti-denonce-camrail-aupres-de-paul-biya\/\">Accident d\u2019Eseka\u00a0: Cerutti d\u00e9nonce Camrail aupr\u00e8s de Paul Biya<\/a><\/p>\n<p>En mai 2017, au lendemain du drame d\u2019Eseka, le pr\u00e9sident Paul Biya ordonne l\u2019audit de la concession de Camrail et des deux avenants op\u00e9r\u00e9s. Les orientations et les r\u00e9sultats de cet audit restent inconnus de l\u2019opinion publique \u00e0 ce jour.<\/p>\n<div class=\"awac-wrapper awac widget posts-list-widget-11\">\n<h4 class=\"widget-title\">Le plus r\u00e9cent<\/h4>\n<\/div>\n<p>Auteur: Eco Matin<br \/>\n<a href=\"https:\/\/ecomatin.net\/catastrophe-ferroviaire-deseka-le-cameroun-tarde-a-tirer-des-lecons\/\">Cliquez ici pour lire l&rsquo;article depuis sa source.<\/a><\/p>\n","protected":false},"excerpt":{"rendered":"<p>Soixante-dix-huit jours encore et le Cameroun entamera la quatri\u00e8me ann\u00e9e du d\u00e9raillement ayant fait 79 morts et 575 bless\u00e9s \u00e0 Eseka, dans le Nyong-Ekelle le 21 octobre 2016. Cela fait aussi trois ans que le chef de l\u2019Etat, dans l\u2019optique d\u2019\u00e9viter la survenue d\u2019autres catastrophes de ce genre, a instruit la cr\u00e9ation \u00ab\u00a0\u00e0 br\u00e8ve \u00e9ch\u00e9ance\u00a0\u00bb [&hellip;]<\/p>\n","protected":false},"author":1969,"featured_media":0,"comment_status":"closed","ping_status":"closed","sticky":false,"template":"","format":"standard","meta":{"fifu_image_url":"","fifu_image_alt":"","footnotes":""},"categories":[82,78],"tags":[],"class_list":["post-95019","post","type-post","status-publish","format-standard","hentry","category-cameroun","category-economie"],"_links":{"self":[{"href":"https:\/\/linitiative.ca\/International\/wp-json\/wp\/v2\/posts\/95019","targetHints":{"allow":["GET"]}}],"collection":[{"href":"https:\/\/linitiative.ca\/International\/wp-json\/wp\/v2\/posts"}],"about":[{"href":"https:\/\/linitiative.ca\/International\/wp-json\/wp\/v2\/types\/post"}],"author":[{"embeddable":true,"href":"https:\/\/linitiative.ca\/International\/wp-json\/wp\/v2\/users\/1969"}],"replies":[{"embeddable":true,"href":"https:\/\/linitiative.ca\/International\/wp-json\/wp\/v2\/comments?post=95019"}],"version-history":[{"count":0,"href":"https:\/\/linitiative.ca\/International\/wp-json\/wp\/v2\/posts\/95019\/revisions"}],"wp:attachment":[{"href":"https:\/\/linitiative.ca\/International\/wp-json\/wp\/v2\/media?parent=95019"}],"wp:term":[{"taxonomy":"category","embeddable":true,"href":"https:\/\/linitiative.ca\/International\/wp-json\/wp\/v2\/categories?post=95019"},{"taxonomy":"post_tag","embeddable":true,"href":"https:\/\/linitiative.ca\/International\/wp-json\/wp\/v2\/tags?post=95019"}],"curies":[{"name":"wp","href":"https:\/\/api.w.org\/{rel}","templated":true}]}}