{"id":95044,"date":"2020-08-08T16:59:31","date_gmt":"2020-08-08T20:59:31","guid":{"rendered":"https:\/\/linitiative.ca\/International\/botola-pro-d1-le-raja-de-casablanca-bat-lolympic-de-safi\/"},"modified":"2020-08-08T16:59:31","modified_gmt":"2020-08-08T20:59:31","slug":"botola-pro-d1-le-raja-de-casablanca-bat-lolympic-de-safi","status":"publish","type":"post","link":"https:\/\/linitiative.ca\/International\/botola-pro-d1-le-raja-de-casablanca-bat-lolympic-de-safi\/","title":{"rendered":"Botola Pro D1: Le Raja de Casablanca bat l\u2019Olympic de Safi"},"content":{"rendered":"<div class=\"single-featured\"><img alt=\"\" data-src=\"http:\/\/www.mapmarrakech.ma\/map\/uploads\/2020\/01\/OCS-copier.jpg\"\/><\/div>\n<div class=\"single-post-excerpt post-excerpt-bc\" readability=\"38\">\n<p>Le Raja de Casablanca s\u2019est empar\u00e9, samedi, de la t\u00eate du classement de la Botola Pro D1 de football, apr\u00e8s sa victoire face \u00e0 l\u2019Olympic de Safi (2-0), en match retard comptant pour la 20\u00e8 journ\u00e9e.<\/p>\n<\/div>\n<div class=\"entry-content clearfix single-post-content\" readability=\"49\">\n<p>Abderrahim Achchakir a ouvert le score pour les hommes de Sellami \u00e0 la 20\u00e8 minute avec un beau but sur coup franc, avant que son co\u00e9quipier Soufiane Rahimi ne double la mise \u00e0 quelques minutes de la fin de la premi\u00e8re p\u00e9riode (45\u00e8).<\/p>\n<p>Au terme de la rencontre, le Raja, en glanant les trois points du match, se hisse \u00e0 la premi\u00e8re position avec 39 unit\u00e9s et devance d\u00e9sormais de deux unit\u00e9s le Wydad de Casablanca et de trois la Renaissance de Berkane (3\u00e8 avec 36pts), tandis que l\u2019Olympic de Safi stagne \u00e0 la 13\u00e8me position (21 pts) ex aequo avec le Hassania d\u2019Agadir.<\/p>\n<p>Cette rencontre, la derni\u00e8re de la phase des mises \u00e0 jour, c\u00e8de la place aux matches de la 21\u00e8 journ\u00e9e qui d\u00e9buteront ce lundi avec les rencontres WAC-OCK et DHJ-AS.FAR.<\/p>\n<\/div>\n<p>Auteur: Meriem IGASS<br \/>\n<a href=\"http:\/\/www.mapmarrakech.ma\/fr\/botola-pro-d1-le-raja-de-casablanca-bat-lolympic-safi-2-0\/\">Cliquez ici pour lire l&rsquo;article depuis sa source.<\/a><\/p>\n","protected":false},"excerpt":{"rendered":"<p>Le Raja de Casablanca s\u2019est empar\u00e9, samedi, de la t\u00eate du classement de la Botola Pro D1 de football, apr\u00e8s sa victoire face \u00e0 l\u2019Olympic de Safi (2-0), en match retard comptant pour la 20\u00e8 journ\u00e9e. Abderrahim Achchakir a ouvert le score pour les hommes de Sellami \u00e0 la 20\u00e8 minute avec un beau but [&hellip;]<\/p>\n","protected":false},"author":1788,"featured_media":95045,"comment_status":"closed","ping_status":"closed","sticky":false,"template":"","format":"standard","meta":{"fifu_image_url":"","fifu_image_alt":"","footnotes":""},"categories":[54,76],"tags":[],"class_list":["post-95044","post","type-post","status-publish","format-standard","has-post-thumbnail","hentry","category-maroc","category-regions"],"_links":{"self":[{"href":"https:\/\/linitiative.ca\/International\/wp-json\/wp\/v2\/posts\/95044","targetHints":{"allow":["GET"]}}],"collection":[{"href":"https:\/\/linitiative.ca\/International\/wp-json\/wp\/v2\/posts"}],"about":[{"href":"https:\/\/linitiative.ca\/International\/wp-json\/wp\/v2\/types\/post"}],"author":[{"embeddable":true,"href":"https:\/\/linitiative.ca\/International\/wp-json\/wp\/v2\/users\/1788"}],"replies":[{"embeddable":true,"href":"https:\/\/linitiative.ca\/International\/wp-json\/wp\/v2\/comments?post=95044"}],"version-history":[{"count":0,"href":"https:\/\/linitiative.ca\/International\/wp-json\/wp\/v2\/posts\/95044\/revisions"}],"wp:featuredmedia":[{"embeddable":true,"href":"https:\/\/linitiative.ca\/International\/wp-json\/"}],"wp:attachment":[{"href":"https:\/\/linitiative.ca\/International\/wp-json\/wp\/v2\/media?parent=95044"}],"wp:term":[{"taxonomy":"category","embeddable":true,"href":"https:\/\/linitiative.ca\/International\/wp-json\/wp\/v2\/categories?post=95044"},{"taxonomy":"post_tag","embeddable":true,"href":"https:\/\/linitiative.ca\/International\/wp-json\/wp\/v2\/tags?post=95044"}],"curies":[{"name":"wp","href":"https:\/\/api.w.org\/{rel}","templated":true}]}}