{"id":95048,"date":"2020-08-09T09:20:55","date_gmt":"2020-08-09T13:20:55","guid":{"rendered":"https:\/\/linitiative.ca\/International\/marrakech-dans-le-top-25-de-tripadvisor-des-destinations-en-2020-2\/"},"modified":"2020-08-09T09:20:55","modified_gmt":"2020-08-09T13:20:55","slug":"marrakech-dans-le-top-25-de-tripadvisor-des-destinations-en-2020-2","status":"publish","type":"post","link":"https:\/\/linitiative.ca\/International\/marrakech-dans-le-top-25-de-tripadvisor-des-destinations-en-2020-2\/","title":{"rendered":"Marrakech dans le top 25 de \u00ab TripAdvisor \u00bb des destinations en 2020"},"content":{"rendered":"<div class=\"single-featured\"><img alt=\"\" data-src=\"http:\/\/www.mapmarrakech.ma\/map\/uploads\/2020\/08\/video-rak.jpg\"\/><\/div>\n<div class=\"single-post-excerpt post-excerpt-bc\" readability=\"35\">\n<p>La ville de Marrakech figure dans le top 25 des destinations populaires mondiales et des villes embl\u00e9matiques incontournables \u00e0 visiter en 2020, selon le dernier classement \u00e9tabli par le site mondial de conseils touristiques et de voyages \u00ab TripAdvisor \u00bb.<\/p>\n<\/div>\n<p>Auteur: Meriem IGASS<br \/>\n<a href=\"http:\/\/www.mapmarrakech.ma\/fr\/marrakech-dans-le-top-25-de-tripadvisor-des-destinations-en-2020-2\/\">Cliquez ici pour lire l&rsquo;article depuis sa source.<\/a><\/p>\n","protected":false},"excerpt":{"rendered":"<p>La ville de Marrakech figure dans le top 25 des destinations populaires mondiales et des villes embl\u00e9matiques incontournables \u00e0 visiter en 2020, selon le dernier classement \u00e9tabli par le site mondial de conseils touristiques et de voyages \u00ab TripAdvisor \u00bb. Auteur: Meriem IGASS Cliquez ici pour lire l&rsquo;article depuis sa source.<\/p>\n","protected":false},"author":1788,"featured_media":95049,"comment_status":"closed","ping_status":"closed","sticky":false,"template":"","format":"standard","meta":{"fifu_image_url":"","fifu_image_alt":"","footnotes":""},"categories":[54,76],"tags":[],"class_list":["post-95048","post","type-post","status-publish","format-standard","has-post-thumbnail","hentry","category-maroc","category-regions"],"_links":{"self":[{"href":"https:\/\/linitiative.ca\/International\/wp-json\/wp\/v2\/posts\/95048","targetHints":{"allow":["GET"]}}],"collection":[{"href":"https:\/\/linitiative.ca\/International\/wp-json\/wp\/v2\/posts"}],"about":[{"href":"https:\/\/linitiative.ca\/International\/wp-json\/wp\/v2\/types\/post"}],"author":[{"embeddable":true,"href":"https:\/\/linitiative.ca\/International\/wp-json\/wp\/v2\/users\/1788"}],"replies":[{"embeddable":true,"href":"https:\/\/linitiative.ca\/International\/wp-json\/wp\/v2\/comments?post=95048"}],"version-history":[{"count":0,"href":"https:\/\/linitiative.ca\/International\/wp-json\/wp\/v2\/posts\/95048\/revisions"}],"wp:featuredmedia":[{"embeddable":true,"href":"https:\/\/linitiative.ca\/International\/wp-json\/"}],"wp:attachment":[{"href":"https:\/\/linitiative.ca\/International\/wp-json\/wp\/v2\/media?parent=95048"}],"wp:term":[{"taxonomy":"category","embeddable":true,"href":"https:\/\/linitiative.ca\/International\/wp-json\/wp\/v2\/categories?post=95048"},{"taxonomy":"post_tag","embeddable":true,"href":"https:\/\/linitiative.ca\/International\/wp-json\/wp\/v2\/tags?post=95048"}],"curies":[{"name":"wp","href":"https:\/\/api.w.org\/{rel}","templated":true}]}}