{"id":95095,"date":"2020-08-09T08:20:12","date_gmt":"2020-08-09T12:20:12","guid":{"rendered":"https:\/\/linitiative.ca\/International\/24-marocains-a-polytechnique\/"},"modified":"2020-08-09T08:20:12","modified_gmt":"2020-08-09T12:20:12","slug":"24-marocains-a-polytechnique","status":"publish","type":"post","link":"https:\/\/linitiative.ca\/International\/24-marocains-a-polytechnique\/","title":{"rendered":"24 Marocains \u00e0 Polytechnique"},"content":{"rendered":"<p><strong>Sur les 42 candidats form\u00e9s au Maroc, qui ont \u00e9t\u00e9 d\u00e9clar\u00e9s admissibles \u00e0 Polytechnique, 24 ont \u00e9t\u00e9 re\u00e7us.<\/strong><\/p>\n<div class=\"c10\"\/>\n<p>Le lyc\u00e9e de Benguerir tient la palme avec 17 re\u00e7us. Le reste des pr\u00e9pas marocains ont r\u00e9ussi \u00e0 avoir sept re\u00e7us, ce qui n\u2019est pas n\u00e9gligeable, c\u2019est un oral tr\u00e8s exigeant, parce qu\u2019il fait appel \u00e0 la fois aux connaissances techniques, \u00e0\u00a0la culture g\u00e9n\u00e9rale et \u00e0 la capacit\u00e9 de d\u00e9battre.<\/p>\n<p>Le lyc\u00e9e de Benguerir est\u00a0g\u00e9r\u00e9 par l\u2019OCP. Derri\u00e8re, il y a une id\u00e9e tr\u00e8s simple\u00a0: l\u2019excellence n\u2019est pas interdite aux fils du peuple. C\u2019est la fondation qui recherche les \u00e9l\u00e9ments brillants, y compris dans les localit\u00e9s les plus recul\u00e9es, qui les prend totalement en charge, leur assure un environnement ad\u00e9quat. Les r\u00e9sultats sont l\u00e0.<\/p>\n<p>Il nous faut d\u00e9multiplier cette exp\u00e9rience pour donner \u00e0 notre jeunesse la plus grande des armes, l\u2019espoir d\u2019une \u00e9mancipation par le m\u00e9rite.<\/p>\n<p><strong>Lire aussi | <a href=\"https:\/\/www.challenge.ma\/scenarios-de-rentree-2020-21-le-ministere-de-leducation-face-a-un-casse-tete-chinois-152067\/\" target=\"_blank\" rel=\"noreferrer noopener\" aria-label=\" (opens in a new tab)\">Sc\u00e9narios de rentr\u00e9e 2020-21\u00a0: le Minist\u00e8re de l\u2019\u00c9ducation face \u00e0 un casse-t\u00eate chinois<\/a><\/strong><\/p>\n<div class=\"vw-sticky-sidebar-wrapper vw-sticky-sidebar widget_text awac-wrapper widget_text awac widget custom_html-4 textwidget custom-html-widget\">\n<p class=\"has-background c12\"><span class=\"widget-title c11\">Tribune et D\u00e9bats<\/span><\/p>\n<p>La tribune qui vous parle d\u2019une actu, d\u2019un sujet qui fait d\u00e9bat, les traitent et les analysent. \u00c9conomistes et autres experts, patrons d\u2019entreprises, d\u00e9cideurs, acteurs de la soci\u00e9t\u00e9 civile, s\u2019y prononcent et contribuent \u00e0 sa grande richesse. Vous avez votre opinion, convergente ou diff\u00e9rente. Exprimez-la et mesurez-vous ainsi \u00e0 nos tribuns et d\u00e9batteurs.<\/p>\n<p>Envoyez vos analyses \u00e0 : <a href=\"\/cdn-cgi\/l\/email-protection#43202c2d3722203703202b222f2f262d24266d2e22\"><span class=\"__cf_email__\" data-cfemail=\"74171b1a0015170034171c151818111a13115a1915\">[email\u00a0protected]<\/span><\/a>, en pr\u00e9cisant votre nom, votre pr\u00e9nom et votre m\u00e9tier.<\/p>\n<\/div>\n<p>Auteur: Jamal Berraoui<br \/>\n<a href=\"https:\/\/www.challenge.ma\/24-marocains-a-polytechnique-152487\/\">Cliquez ici pour lire l&rsquo;article depuis sa source.<\/a><\/p>\n","protected":false},"excerpt":{"rendered":"<p>Sur les 42 candidats form\u00e9s au Maroc, qui ont \u00e9t\u00e9 d\u00e9clar\u00e9s admissibles \u00e0 Polytechnique, 24 ont \u00e9t\u00e9 re\u00e7us. Le lyc\u00e9e de Benguerir tient la palme avec 17 re\u00e7us. Le reste des pr\u00e9pas marocains ont r\u00e9ussi \u00e0 avoir sept re\u00e7us, ce qui n\u2019est pas n\u00e9gligeable, c\u2019est un oral tr\u00e8s exigeant, parce qu\u2019il fait appel \u00e0 la [&hellip;]<\/p>\n","protected":false},"author":1787,"featured_media":0,"comment_status":"closed","ping_status":"closed","sticky":false,"template":"","format":"standard","meta":{"fifu_image_url":"","fifu_image_alt":"","footnotes":""},"categories":[78,54],"tags":[],"class_list":["post-95095","post","type-post","status-publish","format-standard","hentry","category-economie","category-maroc"],"_links":{"self":[{"href":"https:\/\/linitiative.ca\/International\/wp-json\/wp\/v2\/posts\/95095","targetHints":{"allow":["GET"]}}],"collection":[{"href":"https:\/\/linitiative.ca\/International\/wp-json\/wp\/v2\/posts"}],"about":[{"href":"https:\/\/linitiative.ca\/International\/wp-json\/wp\/v2\/types\/post"}],"author":[{"embeddable":true,"href":"https:\/\/linitiative.ca\/International\/wp-json\/wp\/v2\/users\/1787"}],"replies":[{"embeddable":true,"href":"https:\/\/linitiative.ca\/International\/wp-json\/wp\/v2\/comments?post=95095"}],"version-history":[{"count":0,"href":"https:\/\/linitiative.ca\/International\/wp-json\/wp\/v2\/posts\/95095\/revisions"}],"wp:attachment":[{"href":"https:\/\/linitiative.ca\/International\/wp-json\/wp\/v2\/media?parent=95095"}],"wp:term":[{"taxonomy":"category","embeddable":true,"href":"https:\/\/linitiative.ca\/International\/wp-json\/wp\/v2\/categories?post=95095"},{"taxonomy":"post_tag","embeddable":true,"href":"https:\/\/linitiative.ca\/International\/wp-json\/wp\/v2\/tags?post=95095"}],"curies":[{"name":"wp","href":"https:\/\/api.w.org\/{rel}","templated":true}]}}