{"id":95123,"date":"2020-08-09T08:06:37","date_gmt":"2020-08-09T12:06:37","guid":{"rendered":"https:\/\/linitiative.ca\/International\/les-etats-de-la-cemac-demandent-la-suspension-des-criteres-de-convergence\/"},"modified":"2020-08-09T08:06:37","modified_gmt":"2020-08-09T12:06:37","slug":"les-etats-de-la-cemac-demandent-la-suspension-des-criteres-de-convergence","status":"publish","type":"post","link":"https:\/\/linitiative.ca\/International\/les-etats-de-la-cemac-demandent-la-suspension-des-criteres-de-convergence\/","title":{"rendered":"Les Etats de la Cemac demandent la suspension des crit\u00e8res de convergence"},"content":{"rendered":"<p>Les ministres de l\u2019Economie et des Finances de la Communaut\u00e9 \u00e9conomique et mon\u00e9taire de l\u2019Afrique centrale (Cemac), se sont r\u00e9unis ce 3 ao\u00fbt dans le cadre de la 11<sup>e<\/sup>\u00a0session ordinaire du\u00a0Comit\u00e9 de pilotage du Programme des r\u00e9formes \u00e9conomiques et financi\u00e8res\u00a0 de la Cemac (Pref-Cemac). Avec le Coronavirus qui dicte sa loi, cette session s\u2019est tenue par visioconf\u00e9rence, sous la pr\u00e9sidence de Gilbert Ondongo, ministre d\u2019Etat, ministre de l\u2019Economie, de l\u2019Industrie et du portefeuille public de la R\u00e9publique du Congo, pr\u00e9sident dudit Comit\u00e9.<\/p>\n<p>Au menu des \u00e9changes de cette rencontre virtuelle, l\u2019adoption d\u2019un plan de relance \u00e9conomique post Covid-19. A ce sujet, quatre axes ont mobilis\u00e9 l\u2019attention de la cellule de suivi du Pref-Cemac\u00a0: \u00ab\u00a0<em>les questions li\u00e9es \u00e0 la surveillance multilat\u00e9ral, les Etats qui demandent la suspension de certains crit\u00e8res pour une dur\u00e9e d\u00e9termin\u00e9e\u00a0; \u00a0la question de cr\u00e9ation d\u2019un fonds pour notre r\u00e9gion et d\u2019autres questions li\u00e9es \u00e0 ces mesures nouvelles que nous devenons avoir le courage d\u2019adopter pour aller de l\u2019avant<\/em>\u00a0\u00bb, comme le fait savoir le Pr Michel Cyr Djiena Wembou, Secr\u00e9taire permanent du Pref-Cemac.\u00a0<\/p>\n<p><strong>Lire aussi<\/strong> : <a href=\"https:\/\/ecomatin.net\/zone-cemac-lapres-covid-19-au-coeur-des-echanges-du-pref-cemac\/\">Zone Cemac: l\u2019apr\u00e8s covid-19 au Coeur des \u00e9changes du Pref-Cemac<\/a><\/p>\n<p>Toujours sur ce plan de relance \u00e9conomique communautaire, le secr\u00e9tariat technique du Pref-cemac sur instruction du pr\u00e9sident du Copil a propos\u00e9 une esquisse de plan de relance. Apr\u00e8s appr\u00e9ciation par la cellule de suivi, il ressort des \u00e9changes\u00a0que :\u00a0\u00ab\u00a0<em>pour ressortir l\u2019int\u00e9r\u00eat du d\u00e9veloppement du secteur priv\u00e9 en Afrique centrale, un axe \u00e0 part enti\u00e8re sur la strat\u00e9gie de relance doit \u00eatre propos\u00e9e dans le document. La Beac et la Cobac ont \u00e9mis des r\u00e9serves sur l\u2019une des mesures consign\u00e9es dans ce plan relative \u00e0 la suspension pour un an des crit\u00e8res de surveillance multilat\u00e9ral sur le solde budg\u00e9taire de r\u00e9f\u00e9rence et le taux d\u2019endettement afin d\u2019\u00e9viter de transformer la crise budg\u00e9taire en crise financi\u00e8re\u00a0<\/em>\u00bb.<\/p>\n<p>Si la Beac et \u00a0la Cobac \u00e9mettent des r\u00e9serves \u00e0 ce sujet, cela s\u2019explique par le fait que l\u2019explosion du solde budg\u00e9taire des Etats conduirait ceux-ci \u00e0 d\u00e9penser plus qu\u2019ils n\u2019en produisent. Avec pour cons\u00e9quences directes le risque d\u2019\u00e9puisement des r\u00e9serves de changes et la d\u00e9pr\u00e9ciation de la monnaie. \u00a0Si la mesure sur les crit\u00e8res de surveillance multilat\u00e9rale a connu quelques r\u00e9ticences aupr\u00e8s de ces derniers, elle a \u00e9t\u00e9 plut\u00f4t bien accueillie par la commission de la Cemac et les Etats membres.<\/p>\n<p><strong>Lire aussi<\/strong> : <a href=\"https:\/\/ecomatin.net\/ueac-la-relance-post-covid-en-etude\/\">Ueac\u00a0: la relance post-covid en \u00e9tude<\/a><\/p>\n<p>Dans le r\u00e9cent rapport de Politique mon\u00e9taire du mois de juin 2020 \u00a0publi\u00e9 par la Beac, elle indique que\u00a0les perspectives \u00e9conomiques r\u00e9gionales se caract\u00e9riseraient d\u2019ici la fin de l\u2019ann\u00e9e par\u00a0: une forte d\u00e9t\u00e9rioration de la situation des finances publiques, avec un d\u00e9ficit du solde budg\u00e9taire, base engagements, hors dons, qui augmenterait \u00e0 6,2 % du PIB apr\u00e8s 0,8% du PIB en 2019\u00a0; un creusement important du d\u00e9ficit des transactions courantes, avec un solde, dons officiels exclus, \u00e0 -7,3 % du PIB, contre -1,5 % du PIB un an auparavant ;\u00a0une chute des avoirs ext\u00e9rieurs nets de 106,1 % ; une baisse des cr\u00e9dits \u00e0 l\u2019\u00e9conomie\u00a0de 8,8 % ; une forte hausse des cr\u00e9ances nettes sur les Etats de 62,9 % ; un recul de la\u00a0masse mon\u00e9taire de 9,2 % ; un repli du taux de couverture ext\u00e9rieure de la monnaie \u00e0\u00a055,2 % \u00e0 fin d\u00e9cembre 2020, apr\u00e8s 67,1 % \u00e0 fin d\u00e9cembre 2019, ainsi qu\u2019une\u00a0diminution du niveau des r\u00e9serves en mois d\u2019importations des biens et services \u00e0 2,96\u00a0mois, apr\u00e8s 3,22 \u00e0 fin d\u00e9cembre 2019.<\/p>\n<p>En plus de l\u2019examen d\u2019un plan communautaire de relance de l\u2019\u00e9conomie post-covid-19, il y avait aussi au c\u0153ur des \u00e9changes les grandes orientations d\u2019un nouveau cadre strat\u00e9gique pour les accords de seconde g\u00e9n\u00e9ration entre les Etats de la Cemac et le Fonds mon\u00e9taire international, les reformes structurelles contenues dans le Pref-cemac, le renforcement de l\u2019int\u00e9gration et les mesures pour encourager la diversification de l\u2019\u00e9conomie de la r\u00e9gion.<\/p>\n<p><strong>Lire aussi<\/strong> : \u00a0<a href=\"https:\/\/ecomatin.net\/covid-19-lurgence-dun-plan-de-riposte-communautaire\/\">Covid-19\u00a0: l\u2019urgence d\u2019un plan de riposte communautaire<\/a><\/p>\n<div class=\"awac-wrapper awac widget posts-list-widget-11\">\n<h4 class=\"widget-title\">Le plus r\u00e9cent<\/h4>\n<\/div>\n<p>Auteur: Eco Matin<br \/>\n<a href=\"https:\/\/ecomatin.net\/les-etats-de-la-cemac-demandent-la-suspension-des-criteres-de-convergence\/\">Cliquez ici pour lire l&rsquo;article depuis sa source.<\/a><\/p>\n","protected":false},"excerpt":{"rendered":"<p>Les ministres de l\u2019Economie et des Finances de la Communaut\u00e9 \u00e9conomique et mon\u00e9taire de l\u2019Afrique centrale (Cemac), se sont r\u00e9unis ce 3 ao\u00fbt dans le cadre de la 11e\u00a0session ordinaire du\u00a0Comit\u00e9 de pilotage du Programme des r\u00e9formes \u00e9conomiques et financi\u00e8res\u00a0 de la Cemac (Pref-Cemac). Avec le Coronavirus qui dicte sa loi, cette session s\u2019est tenue [&hellip;]<\/p>\n","protected":false},"author":1969,"featured_media":0,"comment_status":"closed","ping_status":"closed","sticky":false,"template":"","format":"standard","meta":{"fifu_image_url":"","fifu_image_alt":"","footnotes":""},"categories":[82,78],"tags":[],"class_list":["post-95123","post","type-post","status-publish","format-standard","hentry","category-cameroun","category-economie"],"_links":{"self":[{"href":"https:\/\/linitiative.ca\/International\/wp-json\/wp\/v2\/posts\/95123","targetHints":{"allow":["GET"]}}],"collection":[{"href":"https:\/\/linitiative.ca\/International\/wp-json\/wp\/v2\/posts"}],"about":[{"href":"https:\/\/linitiative.ca\/International\/wp-json\/wp\/v2\/types\/post"}],"author":[{"embeddable":true,"href":"https:\/\/linitiative.ca\/International\/wp-json\/wp\/v2\/users\/1969"}],"replies":[{"embeddable":true,"href":"https:\/\/linitiative.ca\/International\/wp-json\/wp\/v2\/comments?post=95123"}],"version-history":[{"count":0,"href":"https:\/\/linitiative.ca\/International\/wp-json\/wp\/v2\/posts\/95123\/revisions"}],"wp:attachment":[{"href":"https:\/\/linitiative.ca\/International\/wp-json\/wp\/v2\/media?parent=95123"}],"wp:term":[{"taxonomy":"category","embeddable":true,"href":"https:\/\/linitiative.ca\/International\/wp-json\/wp\/v2\/categories?post=95123"},{"taxonomy":"post_tag","embeddable":true,"href":"https:\/\/linitiative.ca\/International\/wp-json\/wp\/v2\/tags?post=95123"}],"curies":[{"name":"wp","href":"https:\/\/api.w.org\/{rel}","templated":true}]}}