{"id":95162,"date":"2020-08-10T13:09:40","date_gmt":"2020-08-10T17:09:40","guid":{"rendered":"https:\/\/linitiative.ca\/International\/le-ministere-de-la-justice-accorde-un-grand-interet-aux-mre\/"},"modified":"2020-08-10T13:09:40","modified_gmt":"2020-08-10T17:09:40","slug":"le-ministere-de-la-justice-accorde-un-grand-interet-aux-mre","status":"publish","type":"post","link":"https:\/\/linitiative.ca\/International\/le-ministere-de-la-justice-accorde-un-grand-interet-aux-mre\/","title":{"rendered":"Le minist\u00e8re de la Justice accorde un grand int\u00e9r\u00eat aux MRE"},"content":{"rendered":"<div readability=\"39\">\n<p>Le minist\u00e8re de la Justice accorde un grand int\u00e9r\u00eat aux questions relatives aux Marocains r\u00e9sidant \u00e0 l\u2019\u00e9tranger (MRE) et a proc\u00e9d\u00e9 \u00e0 l\u2019am\u00e9lioration des services juridiques et judiciaires destin\u00e9s \u00e0 cette cat\u00e9gorie, a affirm\u00e9, lundi \u00e0 Nador, le ministre de la Justice, Mohamed Benabdelkader.<\/p>\n<\/div>\n<div readability=\"116\">\n<p>Intervenant lors d\u2019une rencontre autour du th\u00e8me \u00abLe secteur de la Justice au service des MRE\u00bb, tenue \u00e0 l\u2019occasion de la c\u00e9l\u00e9bration de la Journ\u00e9e nationale du migrant, le ministre a soulign\u00e9 que plusieurs actions ont \u00e9t\u00e9 men\u00e9es dans ce sens, notamment la signature de nombre de conventions de coop\u00e9ration judiciaire avec plusieurs pays, que ce soit au niveau p\u00e9nal ou civil.<\/p>\n<p>Il s\u2019agit de renforcer le syst\u00e8me d\u2019assistance juridique, faciliter la gestion des litiges et assurer l\u2019application des d\u00e9cisions de la justice, a-t-il expliqu\u00e9, notant qu\u2019il a \u00e9t\u00e9 proc\u00e9d\u00e9, entre autres, \u00e0 la publication de guides pratiques pour simplifier plusieurs proc\u00e9dures et mesures d\u2019ordre judiciaire et \u00e0 la mise en place d\u2019applications num\u00e9riques facilitant l\u2019acc\u00e8s \u00e0 des services comme le casier judiciaire, le registre du commerce et le suivi des affaires port\u00e9es devant les tribunaux.<\/p>\n<p>En outre, le d\u00e9partement de la Justice prend en consid\u00e9ration la situation des MRE lors de l\u2019\u00e9laboration de textes l\u00e9gislatifs et organisationnels, de m\u00eame qu\u2019il organise des rencontres et ateliers de formation dans les domaines li\u00e9s aux Marocains du monde et qu\u2019il veille au respect du droit d\u2019acc\u00e8s \u00e0 l\u2019information en d\u00e9veloppant de nouveaux moyens de communication avec la diaspora, a ajout\u00e9 M. Benabdelkader lors de cette rencontre tenue en partenariat avec le minist\u00e8re charg\u00e9 des Marocains r\u00e9sidant \u00e0 l\u2019\u00e9tranger, en pr\u00e9sence notamment du gouverneur de la province de Nador, Ali Khalil.<\/p>\n<p>Le minist\u00e8re participe aussi aux commissions nationales cr\u00e9\u00e9es dans ce domaine afin d\u2019assurer la convergence des politiques publiques en la mati\u00e8re, en plus de proc\u00e9der \u00e0 l\u2019activation de la commission cr\u00e9\u00e9e au niveau de ce d\u00e9partement sur Hautes instructions de SM le Roi Mohammed VI en vue de faire face au ph\u00e9nom\u00e8ne de spoliation des biens d\u2019autrui, a-t-il fait savoir.<\/p>\n<p>Il a aussi mis l\u2019accent sur la participation des magistrats et cadres du d\u00e9partement de la Justice dans les rencontres et campagnes de sensibilisation et de communication, organis\u00e9es au profit des MRE et tenues au Maroc ou \u00e0 l\u2019\u00e9tranger.<\/p>\n<p>Par ailleurs, M. Benabdelkader a relev\u00e9 la d\u00e9signation de plusieurs magistrats en tant que juges de liaison ou juges notariaux au niveau des ambassades et consulats du Royaume du Maroc, dans le but de fournir les services juridiques et judicaires aux communaut\u00e9s marocaines dans les pays d\u2019accueil, annon\u00e7ant dans ce sens la prochaine d\u00e9signation d\u2019un nouveau magistrat de liaison \u00e0 Paris.<\/p>\n<p>De m\u00eame, le projet de loi organisant l\u2019institution de juge de liaison est actuellement en cours de finalisation. Il fera l\u2019objet, dans les prochains jours, de consultations avant d\u2019\u00eatre soumis \u00e0 la proc\u00e9dure d\u2019approbation et d\u2019adoption, a affirm\u00e9 le ministre.<\/p>\n<p>Il a rappel\u00e9 que le Maroc dispose actuellement de 4 juges de liaison au niveau des ambassades du Royaume \u00e0 Madrid, Paris, Bruxelles et Rome, en plus de 9 juges notariaux d\u00e9ploy\u00e9s \u00e0 Paris, Madrid, Rome, Bruxelles, La Haye, Berlin, Abou Dhabi, Lyon et New York, ajoutant que le d\u00e9partement de la Justice \u0153uvrera, en coordination avec le Conseil sup\u00e9rieur du pouvoir judiciaire et le minist\u00e8re des Affaires \u00e9trang\u00e8res, de la coop\u00e9ration africaine et des Marocains r\u00e9sidant \u00e0 l\u2019\u00e9tranger, pour assurer la pr\u00e9sence des juges notariaux dans l\u2019ensemble des pays enregistrant d\u2019importantes communaut\u00e9s marocaines.<\/p>\n<p>Cette rencontre a \u00e9t\u00e9 marqu\u00e9e par des expos\u00e9s et des d\u00e9bats autour du th\u00e8me de la justice au service des MRE, avec la participation, entre autres, de magistrats, de responsables des institutions repr\u00e9sentant les m\u00e9tiers judiciaires et de repr\u00e9sentants des autorit\u00e9s publiques et de la soci\u00e9t\u00e9 civile.<\/p>\n<\/div>\n<p>Auteur: Ismail Bahhane<br \/>\n<a href=\"http:\/\/www.mapoujda.ma\/fr\/le-ministere-de-la-justice-accorde-un-grand-interet-aux-mre\/\">Cliquez ici pour lire l&rsquo;article depuis sa source.<\/a><\/p>\n","protected":false},"excerpt":{"rendered":"<p>Le minist\u00e8re de la Justice accorde un grand int\u00e9r\u00eat aux questions relatives aux Marocains r\u00e9sidant \u00e0 l\u2019\u00e9tranger (MRE) et a proc\u00e9d\u00e9 \u00e0 l\u2019am\u00e9lioration des services juridiques et judiciaires destin\u00e9s \u00e0 cette cat\u00e9gorie, a affirm\u00e9, lundi \u00e0 Nador, le ministre de la Justice, Mohamed Benabdelkader. Intervenant lors d\u2019une rencontre autour du th\u00e8me \u00abLe secteur de la [&hellip;]<\/p>\n","protected":false},"author":1788,"featured_media":0,"comment_status":"closed","ping_status":"closed","sticky":false,"template":"","format":"standard","meta":{"fifu_image_url":"","fifu_image_alt":"","footnotes":""},"categories":[54,76],"tags":[],"class_list":["post-95162","post","type-post","status-publish","format-standard","hentry","category-maroc","category-regions"],"_links":{"self":[{"href":"https:\/\/linitiative.ca\/International\/wp-json\/wp\/v2\/posts\/95162","targetHints":{"allow":["GET"]}}],"collection":[{"href":"https:\/\/linitiative.ca\/International\/wp-json\/wp\/v2\/posts"}],"about":[{"href":"https:\/\/linitiative.ca\/International\/wp-json\/wp\/v2\/types\/post"}],"author":[{"embeddable":true,"href":"https:\/\/linitiative.ca\/International\/wp-json\/wp\/v2\/users\/1788"}],"replies":[{"embeddable":true,"href":"https:\/\/linitiative.ca\/International\/wp-json\/wp\/v2\/comments?post=95162"}],"version-history":[{"count":0,"href":"https:\/\/linitiative.ca\/International\/wp-json\/wp\/v2\/posts\/95162\/revisions"}],"wp:attachment":[{"href":"https:\/\/linitiative.ca\/International\/wp-json\/wp\/v2\/media?parent=95162"}],"wp:term":[{"taxonomy":"category","embeddable":true,"href":"https:\/\/linitiative.ca\/International\/wp-json\/wp\/v2\/categories?post=95162"},{"taxonomy":"post_tag","embeddable":true,"href":"https:\/\/linitiative.ca\/International\/wp-json\/wp\/v2\/tags?post=95162"}],"curies":[{"name":"wp","href":"https:\/\/api.w.org\/{rel}","templated":true}]}}