{"id":95210,"date":"2020-08-10T06:00:00","date_gmt":"2020-08-10T10:00:00","guid":{"rendered":"https:\/\/linitiative.ca\/International\/metro-dalger-cosider-et-covid-19-lunep-et-la-politique\/"},"modified":"2020-08-10T06:00:00","modified_gmt":"2020-08-10T10:00:00","slug":"metro-dalger-cosider-et-covid-19-lunep-et-la-politique","status":"publish","type":"post","link":"https:\/\/linitiative.ca\/International\/metro-dalger-cosider-et-covid-19-lunep-et-la-politique\/","title":{"rendered":"M\u00e9tro d&rsquo;Alger, Cosider et Covid-19, l&rsquo;UNEP et la politique"},"content":{"rendered":"<p><h5 class=\"title-populaires\">Les + <span>populaires<\/span> de la semaine<\/h5>\n<\/p>\n<div class=\"others-articles\">\n<div class=\"article\" readability=\"8\"><a href=\"\/actualites\/quand-letat-se-mettait-au-service-des-kouninef-46378\"\/><\/p>\n<div class=\"image\"><img class=\"lazy\" data-original=\"\/data\/images\/article\/thumbs\/quand-letat-se-mettait-au-service-des-kouninef-18555.jpg\"\/><\/p>\n<p><span>3<\/span><\/p>\n<\/div>\n<div class=\"description\" readability=\"11\">\n<p class=\"type-date\"><span>Actualit\u00e9s<\/span> 11:00 | 09-08-2020<\/p>\n<p><a href=\"\/actualites\/quand-letat-se-mettait-au-service-des-kouninef-46378\"\/><\/p>\n<p class=\"first-title\">Leur proc\u00e8s s\u2019ouvrira le 19 Ao\u00fbt<\/p>\n<p><a href=\"\/actualites\/quand-letat-se-mettait-au-service-des-kouninef-46378\"\/><\/p>\n<p class=\"title\">Quand l\u2019\u00c9tat se mettait au service des Kouninef<\/p>\n<\/div>\n<\/div>\n<div class=\"article\" readability=\"8\"><a href=\"\/actualites\/la-defense-exige-la-presence-du-secretaire-particulier-de-bouteflika-46253\"\/><\/p>\n<div class=\"image\"><img class=\"lazy\" data-original=\"\/data\/images\/article\/thumbs\/la-defense-exige-la-presence-du-secretaire-particulier-de-bouteflika-30c7f.jpg\"\/><\/p>\n<p><span>4<\/span><\/p>\n<\/div>\n<div class=\"description\" readability=\"11\">\n<p class=\"type-date\"><span>Actualit\u00e9s<\/span> 11:00 | 06-08-2020<\/p>\n<p><a href=\"\/actualites\/la-defense-exige-la-presence-du-secretaire-particulier-de-bouteflika-46253\"\/><\/p>\n<p class=\"first-title\">L\u2019AFFAIRE \u00abMme MAYA\u00bb REPORT\u00c9E AU 26 DE CE MOIS<\/p>\n<p><a href=\"\/actualites\/la-defense-exige-la-presence-du-secretaire-particulier-de-bouteflika-46253\"\/><\/p>\n<p class=\"title\">La d\u00e9fense exige la pr\u00e9sence du secr\u00e9taire particulier de Bouteflika<\/p>\n<\/div>\n<\/div>\n<div class=\"article\" readability=\"8\"><a href=\"\/actualites\/des-indonesiens-pour-remplacer-total-46251\"\/><\/p>\n<div class=\"image\"><img class=\"lazy\" data-original=\"\/data\/images\/article\/thumbs\/des-indonesiens-pour-remplacer-total-3f221.jpg\"\/><\/p>\n<p><span>5<\/span><\/p>\n<\/div>\n<div class=\"description\" readability=\"11\">\n<p class=\"type-date\"><span>Actualit\u00e9s<\/span> 11:00 | 06-08-2020<\/p>\n<p><a href=\"\/actualites\/des-indonesiens-pour-remplacer-total-46251\"\/><\/p>\n<p class=\"first-title\">CESSION DES ACTIFS D\u2019ANADARKO EN ALG\u00c9RIE<\/p>\n<p><a href=\"\/actualites\/des-indonesiens-pour-remplacer-total-46251\"\/><\/p>\n<p class=\"title\">Des Indon\u00e9siens pour remplacer Total<\/p>\n<\/div>\n<\/div>\n<\/div>\n<p>Auteur:<br \/>\n<a href=\"https:\/\/www.lesoirdalgerie.com\/actualites\/metro-dalger-cosider-et-covid-19-lunep-et-la-politique-46368\">Cliquez ici pour lire l&rsquo;article depuis sa source.<\/a><\/p>\n","protected":false},"excerpt":{"rendered":"<p>Les + populaires de la semaine 3 Actualit\u00e9s 11:00 | 09-08-2020 Leur proc\u00e8s s\u2019ouvrira le 19 Ao\u00fbt Quand l\u2019\u00c9tat se mettait au service des Kouninef 4 Actualit\u00e9s 11:00 | 06-08-2020 L\u2019AFFAIRE \u00abMme MAYA\u00bb REPORT\u00c9E AU 26 DE CE MOIS La d\u00e9fense exige la pr\u00e9sence du secr\u00e9taire particulier de Bouteflika 5 Actualit\u00e9s 11:00 | 06-08-2020 CESSION [&hellip;]<\/p>\n","protected":false},"author":1741,"featured_media":0,"comment_status":"closed","ping_status":"closed","sticky":false,"template":"","format":"standard","meta":{"fifu_image_url":"","fifu_image_alt":"","footnotes":""},"categories":[73,53],"tags":[],"class_list":["post-95210","post","type-post","status-publish","format-standard","hentry","category-actualite","category-algerie"],"_links":{"self":[{"href":"https:\/\/linitiative.ca\/International\/wp-json\/wp\/v2\/posts\/95210","targetHints":{"allow":["GET"]}}],"collection":[{"href":"https:\/\/linitiative.ca\/International\/wp-json\/wp\/v2\/posts"}],"about":[{"href":"https:\/\/linitiative.ca\/International\/wp-json\/wp\/v2\/types\/post"}],"author":[{"embeddable":true,"href":"https:\/\/linitiative.ca\/International\/wp-json\/wp\/v2\/users\/1741"}],"replies":[{"embeddable":true,"href":"https:\/\/linitiative.ca\/International\/wp-json\/wp\/v2\/comments?post=95210"}],"version-history":[{"count":0,"href":"https:\/\/linitiative.ca\/International\/wp-json\/wp\/v2\/posts\/95210\/revisions"}],"wp:attachment":[{"href":"https:\/\/linitiative.ca\/International\/wp-json\/wp\/v2\/media?parent=95210"}],"wp:term":[{"taxonomy":"category","embeddable":true,"href":"https:\/\/linitiative.ca\/International\/wp-json\/wp\/v2\/categories?post=95210"},{"taxonomy":"post_tag","embeddable":true,"href":"https:\/\/linitiative.ca\/International\/wp-json\/wp\/v2\/tags?post=95210"}],"curies":[{"name":"wp","href":"https:\/\/api.w.org\/{rel}","templated":true}]}}