{"id":95221,"date":"2020-08-10T17:20:27","date_gmt":"2020-08-10T21:20:27","guid":{"rendered":"https:\/\/linitiative.ca\/International\/tunisie-sousse-deces-dun-malade-covid\/"},"modified":"2020-08-10T17:20:27","modified_gmt":"2020-08-10T21:20:27","slug":"tunisie-sousse-deces-dun-malade-covid","status":"publish","type":"post","link":"https:\/\/linitiative.ca\/International\/tunisie-sousse-deces-dun-malade-covid\/","title":{"rendered":"Tunisie \u2013 Sousse\u00a0: D\u00e9c\u00e8s d\u2019un malade covid+"},"content":{"rendered":"<div class=\"post-cont-in left relative\">\n<p>Le directeur r\u00e9gional de la sant\u00e9 de <a href=\"https:\/\/www.tunisienumerique.com\/tunisie-actualite\/sousse\/\" title=\"Sousse\" target=\"_top\" class=\"auto-link\" rel=\"noopener noreferrer\">Sousse<\/a> a affirm\u00e9 le d\u00e9c\u00e8s, la nuit derni\u00e8re, d\u2019un malade porteur du covid, \u00e0 l\u2019h\u00f4pital Farhat Hached \u00e0 Sousse.<\/p>\n<div class=\"code-block code-block-1 c3\"><ins class=\"adsbygoogle c2\" data-ad-layout=\"in-article\" data-ad-format=\"fluid\" data-ad-client=\"ca-pub-2102118777505746\" data-ad-slot=\"7301775417\"\/> <\/div>\n<p>L\u2019individu r\u00e9side dans la localit\u00e9 de Kondar et serait d\u00e9c\u00e9d\u00e9 d\u2019une autre pathologie, et que son statut covid plus a \u00e9t\u00e9 d\u00e9couvert le lendemain de son d\u00e9c\u00e8s.<\/p>\n<div class=\"swp_social_panel swp_horizontal_panel swp_flat_fresh swp_default_full_color swp_individual_full_color swp_other_full_color scale-100 scale-\" data-min-width=\"1100\" data-float-color=\"#ffffff\" data-float=\"bottom\" data-float-mobile=\"bottom\" data-transition=\"slide\">\n<div class=\"nc_tweetContainer swp_share_button total_shares total_sharesalt\"><span class=\"swp_count\">0 <span class=\"swp_label\">Partages<\/span><\/span><\/div>\n<\/div>\n<p><strong>Que se passe-t-il en Tunisie?<\/strong><br \/>Nous expliquons sur notre <a href=\"https:\/\/www.youtube.com\/channel\/UCRzypVq0B_yBad5eGrwBx0Q?sub_confirmation=1\" target=\"_blank\" rel=\"noopener noreferrer\">cha\u00eene YouTube<\/a> . <a href=\"https:\/\/www.youtube.com\/channel\/UCRzypVq0B_yBad5eGrwBx0Q?sub_confirmation=1\" target=\"_blank\" rel=\"noopener noreferrer\">Abonnez-vous!<\/a><\/p>\n<div class=\"mvp-org-wrap mvp-org-logo\" itemprop=\"publisher\" itemscope=\"\" itemtype=\"https:\/\/schema.org\/Organization\"><img decoding=\"async\" src=\"https:\/\/www.tunisienumerique.com\/wp-content\/uploads\/2017\/02\/logo_tunisie_numerique.png\"\/><\/div>\n<div class=\"mvp-related-posts left relative\">\n<h4 class=\"post-header\"><span class=\"post-header\">Lire aussi<\/span><\/h4>\n<\/div>\n<div id=\"article-ad\"><ins class=\"adsbygoogle c4\" data-ad-client=\"ca-pub-2102118777505746\" data-ad-slot=\"6513972734\" data-ad-format=\"auto\" data-full-width-responsive=\"true\"\/> <\/div>\n<\/div>\n<div id=\"post-sidebar-wrap\"><ins class=\"adsbygoogle c4\" data-ad-client=\"ca-pub-2102118777505746\" data-ad-slot=\"6168283410\" data-ad-format=\"auto\" data-full-width-responsive=\"true\"\/> <\/div>\n<p>Auteur: LM<br \/>\n<a href=\"https:\/\/www.tunisienumerique.com\/tunisie-sousse-deces-dun-malade-covid\/\">Cliquez ici pour lire l&rsquo;article depuis sa source.<\/a><\/p>\n","protected":false},"excerpt":{"rendered":"<p>Le directeur r\u00e9gional de la sant\u00e9 de Sousse a affirm\u00e9 le d\u00e9c\u00e8s, la nuit derni\u00e8re, d\u2019un malade porteur du covid, \u00e0 l\u2019h\u00f4pital Farhat Hached \u00e0 Sousse. L\u2019individu r\u00e9side dans la localit\u00e9 de Kondar et serait d\u00e9c\u00e9d\u00e9 d\u2019une autre pathologie, et que son statut covid plus a \u00e9t\u00e9 d\u00e9couvert le lendemain de son d\u00e9c\u00e8s. 0 Partages [&hellip;]<\/p>\n","protected":false},"author":1789,"featured_media":95222,"comment_status":"closed","ping_status":"closed","sticky":false,"template":"","format":"standard","meta":{"fifu_image_url":"","fifu_image_alt":"","footnotes":""},"categories":[73,55],"tags":[],"class_list":["post-95221","post","type-post","status-publish","format-standard","has-post-thumbnail","hentry","category-actualite","category-tunisie"],"_links":{"self":[{"href":"https:\/\/linitiative.ca\/International\/wp-json\/wp\/v2\/posts\/95221","targetHints":{"allow":["GET"]}}],"collection":[{"href":"https:\/\/linitiative.ca\/International\/wp-json\/wp\/v2\/posts"}],"about":[{"href":"https:\/\/linitiative.ca\/International\/wp-json\/wp\/v2\/types\/post"}],"author":[{"embeddable":true,"href":"https:\/\/linitiative.ca\/International\/wp-json\/wp\/v2\/users\/1789"}],"replies":[{"embeddable":true,"href":"https:\/\/linitiative.ca\/International\/wp-json\/wp\/v2\/comments?post=95221"}],"version-history":[{"count":0,"href":"https:\/\/linitiative.ca\/International\/wp-json\/wp\/v2\/posts\/95221\/revisions"}],"wp:featuredmedia":[{"embeddable":true,"href":"https:\/\/linitiative.ca\/International\/wp-json\/"}],"wp:attachment":[{"href":"https:\/\/linitiative.ca\/International\/wp-json\/wp\/v2\/media?parent=95221"}],"wp:term":[{"taxonomy":"category","embeddable":true,"href":"https:\/\/linitiative.ca\/International\/wp-json\/wp\/v2\/categories?post=95221"},{"taxonomy":"post_tag","embeddable":true,"href":"https:\/\/linitiative.ca\/International\/wp-json\/wp\/v2\/tags?post=95221"}],"curies":[{"name":"wp","href":"https:\/\/api.w.org\/{rel}","templated":true}]}}