{"id":95244,"date":"2020-08-10T17:08:48","date_gmt":"2020-08-10T21:08:48","guid":{"rendered":"https:\/\/linitiative.ca\/International\/agropastoral-pcp-acefa-144-millions-aux-agriculteurs-du-moungo-et-du-nkam\/"},"modified":"2020-08-10T17:08:48","modified_gmt":"2020-08-10T21:08:48","slug":"agropastoral-pcp-acefa-144-millions-aux-agriculteurs-du-moungo-et-du-nkam","status":"publish","type":"post","link":"https:\/\/linitiative.ca\/International\/agropastoral-pcp-acefa-144-millions-aux-agriculteurs-du-moungo-et-du-nkam\/","title":{"rendered":"Agropastoral : PCP-Acefa, 144 millions aux agriculteurs du Moungo et du Nkam"},"content":{"rendered":"<p>Le 6 ao\u00fbt 2020, 26 organisations de producteurs des d\u00e9partements du Moungo et du Nkam dans la r\u00e9gion du Littoral recevaient 144 millions de FCFA du Programme de consolidation et de p\u00e9rennisation du conseil agropastoral (PCP-Acefa). L\u2019enveloppe globale \u00e9tait repartie tel que suit\u00a0: des ch\u00e8ques allant entre 500 000 et 6 millions de FCFA, pour des projets de groupements de producteurs\u00a0; et ceux situ\u00e9s entre 5 \u00e0 30 millions de FCFA pour les producteurs des organisations professionnelles agropastorales.<\/p>\n<p>Plac\u00e9 sous la tutelle du minist\u00e8re des P\u00eaches et des Industries animales (Minepia) et celui de l\u2019Agriculture et du D\u00e9veloppement rural (Minader), le programme vise \u00e0 soutenir la promotion de l\u2019entreprenariat agricole et d\u2019augmenter la production de ces b\u00e9n\u00e9ficiaires qui ont pr\u00e9sent\u00e9 des projets explicites et pertinents avec des r\u00e9sultats \u00e9conomiques probants.<\/p>\n<p>Le Programme de consolidation et de p\u00e9rennisation du conseil agropastoral (PCP-Acefa), intervient en continuit\u00e9 du Programme ACEFA, qui poursuit trois objectifs que sont l\u2019am\u00e9lioration des revenus des exploitations familiales par la consolidation et l\u2019am\u00e9lioration du dispositif public de conseil agropastoral, la modernisation de l\u2019appareil de production constitu\u00e9 d\u2019\u00e9quipements, b\u00e2timents et infrastructures par le financement de projets d\u2019investissements des organisations de producteurs,\u00a0\u00a0et l\u2019institutionnalisation du dispositif de conseil agropastoral par la cr\u00e9ation d\u2019une agence cog\u00e9r\u00e9 par la profession et l\u2019Etat.<\/p>\n<p><strong>Lire aussi<\/strong> : \u00a0<a href=\"https:\/\/ecomatin.net\/agropastoral-190-000-millions-fcfa-pour-appuyer-26-organisations-paysannes\/\">Agropastoral\u00a0: 190\u00a0000 millions FCFA pour appuyer 26 organisations paysannes<\/a><\/p>\n<p>A ce jour, le programme PCP-Acefa, s\u2019est d\u00e9j\u00e0 d\u00e9ploy\u00e9 \u00e0 travers trois phases que sont la phase pilote qui tenue entre 2008-2012 avec un financement de 14,16 milliards sur Contrat de d\u00e9veloppement et de d\u00e9sendettement (C2D) couvrant les r\u00e9gions du Nord, l\u2019Adamaoua, le Sud, le Sud-Ouest et l\u2019Ouest\u00a0; la phase d\u2019extension entre 2013 \u00e0 mi 2017, pour un financement de 60,2 milliards dont 3 milliards sur C2D, 17,7 milliards sous pr\u00eat AFD et 4,5 milliards de l\u2019Etat. Ici 1 727 projets des groupements de producteurs ont \u00e9t\u00e9 financ\u00e9s pour 6,6 milliards et 28 projets des organisations de producteurs agropastorales financ\u00e9s pour un montant de 510 millions de FCFA et une couverture des 10 r\u00e9gions et 58 d\u00e9partements du pays.<\/p>\n<p>Enfin la phase 3 actuellement en cours, qui est celle de consolidation et de p\u00e9rennisation, a \u00e9t\u00e9 entam\u00e9e depuis mi-2017 et s\u2019ach\u00e8vera en 2022. Son financement s\u2019effectue sur C2D de 62,3 milliards, avec une couverture nationale. Au terme de cette phase 3, il est envisag\u00e9 la\u00a0\u00a0cr\u00e9ation de l\u2019agence de conseil agricole, financ\u00e9e sur des taxes parafiscales, l\u2019Etat \u00e0 travers le salaire des fonctionnaires et les bailleurs de fonds.<\/p>\n<p><strong>Lire aussi<\/strong> : <a href=\"https:\/\/ecomatin.net\/agriculture-le-gouvernement-veut-booster-les-cultures-vivrieres-a-cycle-court\/\">Agriculture\u00a0: le gouvernement veut booster les cultures vivri\u00e8res \u00e0 cycle court<\/a><\/p>\n<div class=\"awac-wrapper awac widget posts-list-widget-11\">\n<h4 class=\"widget-title\">Le plus r\u00e9cent<\/h4>\n<\/div>\n<p>Auteur: Eco Matin<br \/>\n<a href=\"https:\/\/ecomatin.net\/agropastoral-pcp-acefa-144-millions-aux-agriculteurs-du-moungo-et-du-nkam\/\">Cliquez ici pour lire l&rsquo;article depuis sa source.<\/a><\/p>\n","protected":false},"excerpt":{"rendered":"<p>Le 6 ao\u00fbt 2020, 26 organisations de producteurs des d\u00e9partements du Moungo et du Nkam dans la r\u00e9gion du Littoral recevaient 144 millions de FCFA du Programme de consolidation et de p\u00e9rennisation du conseil agropastoral (PCP-Acefa). L\u2019enveloppe globale \u00e9tait repartie tel que suit\u00a0: des ch\u00e8ques allant entre 500 000 et 6 millions de FCFA, pour [&hellip;]<\/p>\n","protected":false},"author":1969,"featured_media":0,"comment_status":"closed","ping_status":"closed","sticky":false,"template":"","format":"standard","meta":{"fifu_image_url":"","fifu_image_alt":"","footnotes":""},"categories":[82,78],"tags":[],"class_list":["post-95244","post","type-post","status-publish","format-standard","hentry","category-cameroun","category-economie"],"_links":{"self":[{"href":"https:\/\/linitiative.ca\/International\/wp-json\/wp\/v2\/posts\/95244","targetHints":{"allow":["GET"]}}],"collection":[{"href":"https:\/\/linitiative.ca\/International\/wp-json\/wp\/v2\/posts"}],"about":[{"href":"https:\/\/linitiative.ca\/International\/wp-json\/wp\/v2\/types\/post"}],"author":[{"embeddable":true,"href":"https:\/\/linitiative.ca\/International\/wp-json\/wp\/v2\/users\/1969"}],"replies":[{"embeddable":true,"href":"https:\/\/linitiative.ca\/International\/wp-json\/wp\/v2\/comments?post=95244"}],"version-history":[{"count":0,"href":"https:\/\/linitiative.ca\/International\/wp-json\/wp\/v2\/posts\/95244\/revisions"}],"wp:attachment":[{"href":"https:\/\/linitiative.ca\/International\/wp-json\/wp\/v2\/media?parent=95244"}],"wp:term":[{"taxonomy":"category","embeddable":true,"href":"https:\/\/linitiative.ca\/International\/wp-json\/wp\/v2\/categories?post=95244"},{"taxonomy":"post_tag","embeddable":true,"href":"https:\/\/linitiative.ca\/International\/wp-json\/wp\/v2\/tags?post=95244"}],"curies":[{"name":"wp","href":"https:\/\/api.w.org\/{rel}","templated":true}]}}