{"id":95245,"date":"2020-08-11T09:37:37","date_gmt":"2020-08-11T13:37:37","guid":{"rendered":"https:\/\/linitiative.ca\/International\/pour-violation-du-decret-loi-relatif-a-letat-durgence-sanitaire-des-responsables-dune-unite-industrielle-de-conserve-de-poisson-a-safi-poursuivis\/"},"modified":"2020-08-11T09:37:37","modified_gmt":"2020-08-11T13:37:37","slug":"pour-violation-du-decret-loi-relatif-a-letat-durgence-sanitaire-des-responsables-dune-unite-industrielle-de-conserve-de-poisson-a-safi-poursuivis","status":"publish","type":"post","link":"https:\/\/linitiative.ca\/International\/pour-violation-du-decret-loi-relatif-a-letat-durgence-sanitaire-des-responsables-dune-unite-industrielle-de-conserve-de-poisson-a-safi-poursuivis\/","title":{"rendered":"Pour violation du d\u00e9cret-loi relatif \u00e0 l\u2019\u00e9tat d\u2019urgence sanitaire : Des responsables d\u2019une unit\u00e9 industrielle de conserve de poisson \u00e0 Safi poursuivis"},"content":{"rendered":"<header>\n<\/header>\n<div class=\"entry-content clearfix\" readability=\"45\"><img decoding=\"async\" class=\"post_layout_5_img\" src=\"http:\/\/aujourdhui.ma\/wp-content\/uploads\/2018\/08\/Industries-de-transformation-des-produits-de-la-mer-Agadir-Poisson.jpg\" alt=\"Pour violation du d&#xE9;cret-loi relatif &#xE0; l&#x2019;&#xE9;tat d&#x2019;urgence sanitaire : Des responsables d&#x2019;une unit&#xE9; industrielle de conserve de poisson &#xE0; Safi poursuivis\"\/><\/p>\n<p><span class=\"c6\"><span class=\"c5\"><strong>Le Procureur du Roi pr\u00e8s le Tribunal de Premi\u00e8re instance de Safi a annonc\u00e9 mardi qu\u2019il a \u00e9t\u00e9 d\u00e9cid\u00e9 de poursuivre certains responsables de gestion d\u2019une unit\u00e9 industrielle de conserve de poisson \u00e0 Safi, pour violation du d\u00e9cret-loi relatif \u00e0 l\u2019\u00e9tat d\u2019urgence sanitaire.<\/strong><\/span><span id=\"more-352974\"\/><\/span><\/p>\n<p>\u00ab\u00a0Sur la base des r\u00e9sultats des enqu\u00eates judiciaires, ordonn\u00e9es par le parquet g\u00e9n\u00e9ral au sujet des circonstances et causes de la propagation de la Covid-19 au sein d\u2019une unit\u00e9 sp\u00e9cialis\u00e9e dans la conserve de poisson \u00e0 Safi et qui ont r\u00e9v\u00e9l\u00e9 un soup\u00e7on de manquement aux mesures de pr\u00e9vention et de pr\u00e9caution \u00e9dict\u00e9es par les autorit\u00e9s publiques pour limiter la propagation de cette situation \u00e9pid\u00e9mique et garantir la s\u00e9curit\u00e9 des personnes, il a \u00e9t\u00e9 d\u00e9cid\u00e9 de poursuivre certains responsables de gestion de l\u2019unit\u00e9 susmentionn\u00e9e et certaines personnes charg\u00e9es du suivi de l\u2019application du protocole sanitaire \u00e0 l\u2019\u00e9tablissement, ainsi que les responsables charg\u00e9s du transport des ouvriers, pour violation des dispositions de l\u2019article 4 du d\u00e9cret-la loi relatif \u00e0 l\u2019\u00e9tat d\u2019urgence sanitaire et de les convoquer \u00e0 compara\u00eetre devant le tribunal pour qu\u2019ils soient jug\u00e9s conform\u00e9ment \u00e0 la loi\u00a0\u00bb, a indiqu\u00e9 le Procureur du Roi dans un communiqu\u00e9.<\/p>\n<\/div>\n<p>Auteur: ALM<br \/>\n<a href=\"https:\/\/aujourdhui.ma\/actualite\/pour-violation-du-decret-loi-relatif-a-letat-durgence-sanitaire-des-responsables-dune-unite-industrielle-de-conserve-de-poisson-a-safi-poursuivis\">Cliquez ici pour lire l&rsquo;article depuis sa source.<\/a><\/p>\n","protected":false},"excerpt":{"rendered":"<p>Le Procureur du Roi pr\u00e8s le Tribunal de Premi\u00e8re instance de Safi a annonc\u00e9 mardi qu\u2019il a \u00e9t\u00e9 d\u00e9cid\u00e9 de poursuivre certains responsables de gestion d\u2019une unit\u00e9 industrielle de conserve de poisson \u00e0 Safi, pour violation du d\u00e9cret-loi relatif \u00e0 l\u2019\u00e9tat d\u2019urgence sanitaire. \u00ab\u00a0Sur la base des r\u00e9sultats des enqu\u00eates judiciaires, ordonn\u00e9es par le parquet [&hellip;]<\/p>\n","protected":false},"author":1759,"featured_media":95246,"comment_status":"closed","ping_status":"closed","sticky":false,"template":"","format":"standard","meta":{"fifu_image_url":"","fifu_image_alt":"","footnotes":""},"categories":[73,54],"tags":[],"class_list":["post-95245","post","type-post","status-publish","format-standard","has-post-thumbnail","hentry","category-actualite","category-maroc"],"_links":{"self":[{"href":"https:\/\/linitiative.ca\/International\/wp-json\/wp\/v2\/posts\/95245","targetHints":{"allow":["GET"]}}],"collection":[{"href":"https:\/\/linitiative.ca\/International\/wp-json\/wp\/v2\/posts"}],"about":[{"href":"https:\/\/linitiative.ca\/International\/wp-json\/wp\/v2\/types\/post"}],"author":[{"embeddable":true,"href":"https:\/\/linitiative.ca\/International\/wp-json\/wp\/v2\/users\/1759"}],"replies":[{"embeddable":true,"href":"https:\/\/linitiative.ca\/International\/wp-json\/wp\/v2\/comments?post=95245"}],"version-history":[{"count":0,"href":"https:\/\/linitiative.ca\/International\/wp-json\/wp\/v2\/posts\/95245\/revisions"}],"wp:featuredmedia":[{"embeddable":true,"href":"https:\/\/linitiative.ca\/International\/wp-json\/"}],"wp:attachment":[{"href":"https:\/\/linitiative.ca\/International\/wp-json\/wp\/v2\/media?parent=95245"}],"wp:term":[{"taxonomy":"category","embeddable":true,"href":"https:\/\/linitiative.ca\/International\/wp-json\/wp\/v2\/categories?post=95245"},{"taxonomy":"post_tag","embeddable":true,"href":"https:\/\/linitiative.ca\/International\/wp-json\/wp\/v2\/tags?post=95245"}],"curies":[{"name":"wp","href":"https:\/\/api.w.org\/{rel}","templated":true}]}}