{"id":95247,"date":"2020-08-11T10:00:06","date_gmt":"2020-08-11T14:00:06","guid":{"rendered":"https:\/\/linitiative.ca\/International\/sail-almatar-lance-dima-en-darija-lartiste-emirati-est-fort-attache-au-maroc\/"},"modified":"2020-08-11T10:00:06","modified_gmt":"2020-08-11T14:00:06","slug":"sail-almatar-lance-dima-en-darija-lartiste-emirati-est-fort-attache-au-maroc","status":"publish","type":"post","link":"https:\/\/linitiative.ca\/International\/sail-almatar-lance-dima-en-darija-lartiste-emirati-est-fort-attache-au-maroc\/","title":{"rendered":"Sail Almatar lance \u00abDima\u00bb en darija : L\u2019artiste \u00e9mirati est fort attach\u00e9 au Maroc"},"content":{"rendered":"<p><img decoding=\"async\" class=\"post_layout_5_img\" src=\"http:\/\/aujourdhui.ma\/wp-content\/uploads\/2020\/08\/Sail-Almatar-lance-Dima-en-darija.jpg\" alt=\"Sail Almatar lance &#xAB;Dima&#xBB; en darija : L&#x2019;artiste &#xE9;mirati est fort attach&#xE9; au Maroc\"\/><\/p>\n<p><strong><span class=\"c5\">Cet artiste s\u2019exprime sur son \u00ab plein engagement de ne pas couper les ponts avec le Royaume\u00bb. Il indique \u00e9galement son intention de \u00ab continuer \u00e0 lancer des \u0153uvres artistiques pour le Maroc et son peuple authentique \u00bb.<\/span><\/strong><span id=\"more-352961\"\/><\/p>\n<p>Le chanteur d\u2019origine \u00e9miratie, Sail Almatar, vient de lancer, en dialecte marocain, un nouveau single intitul\u00e9 \u00abDima\u00bb (Toujours). Ce tube, dont les paroles sont con\u00e7ues par le po\u00e8te marocain, Hamid Benbouajili et arrang\u00e9 par l\u2019artiste Oussama Said, est interpr\u00e9t\u00e9 en darija par le chanteur qui en a fait la composition et y exalte sa passion pour le Maroc.<\/p>\n<p>Au-del\u00e0 de cette \u0153uvre, cet artiste s\u2019exprime sur son \u00abplein engagement de ne pas couper les ponts avec le Royaume\u00bb. Il indique \u00e9galement son intention de \u00ab continuer \u00e0 lancer des \u0153uvres artistiques pour le Maroc et son peuple authentique \u00bb.<br \/>Outre \u00abDima\u00bb, ce chanteur consid\u00e9r\u00e9 comme l\u2019un des artistes r\u00e9sidant de mani\u00e8re quasi permanente dans le Royaume, poss\u00e8de plusieurs singles qui ont r\u00e9colt\u00e9 un grand nombre de vues sur YouTube et \u00e9t\u00e9 appr\u00e9ci\u00e9s par le public marocain. C\u2019est le cas de \u00abSakna\u00bb (R\u00e9sidante) dont Sail Almatar a choisi de concevoir les paroles en sa basant sur les noms de certains quartiers et zones de la capitale administrative, Rabat. C\u2019est lui qui en a aussi compos\u00e9 les rythmes arrang\u00e9s par Oussama Sa\u00efd.<\/p>\n<p>En mai dernier, le chanteur a en outre, lanc\u00e9 son single \u00abKhalliha Ala Allah\u00bb (Laissez le bon Dieu faire son \u0153uvre) qu\u2019il a compos\u00e9 par ses soins en rythmes \u00e9miratis et khalijis. Ce titre, qu\u2019il a enregistr\u00e9 au studio Al Watan \u00e0 Duba\u00ef, est \u00e9crit par Mohamed El Yafi\u00ee et compos\u00e9 par le chanteur.<\/p>\n<p>En f\u00e9vrier 2020, l\u2019artiste a chant\u00e9 \u00abSafinat Bahr Tanja\u00bb (Un bateau \u00e0 la mer de Tanger) dont il a con\u00e7u les paroles et la composition. Il en a m\u00eame fait l\u2019arrangement avec Oussama Sa\u00efd. Bien avant, il avait sorti le tube \u00abAna Nhebbek ya rohi\u00bb (Je t\u2019aime mon coeur) en dialectes marocain et maghr\u00e9bin. Cette \u0153uvre, dans laquelle il chante \u00e9galement en fran\u00e7ais, est \u00e9crite par Ghassan Lhawach et arrang\u00e9e par Chaker Liman. Un morceau qui a r\u00e9colt\u00e9 un million de vues sur YouTube en dix jours apr\u00e8s son lancement. En 2019, Sail Almatar avait \u00e9galement lanc\u00e9 \u00abIsama\u00e2i ya Bint\u00bb (Oh fille, \u00e9coute). Un single \u00e9crit et compos\u00e9 par Mohamed El Yafi\u00ee. L\u2019arrangement de ce morceau, \u00e9galement enregistr\u00e9 au studio Al Watan \u00e0 Duba\u00ef, ayant \u00e9t\u00e9 r\u00e9alis\u00e9 par le m\u00eame Oussama Sa\u00efd.<br \/>En plus de ses \u0153uvres d\u00e9di\u00e9es au Maroc, le chanteur organise, sur ses r\u00e9seaux officiels, des comp\u00e9titions destin\u00e9es \u00e0 ses fans marocains qui sont invit\u00e9s \u00e0 interpr\u00e9ter des singles de l\u2019artiste pour, in fine, gagner des Prix de grande valeur financi\u00e8re selon l\u2019appr\u00e9ciation du public.<\/p>\n<p>Auteur: Salima Guisser<br \/>\n<a href=\"https:\/\/aujourdhui.ma\/culture\/musique\/sail-almatar-lance-dima-en-darija-lartiste-emirati-est-fort-attache-au-maroc\">Cliquez ici pour lire l&rsquo;article depuis sa source.<\/a><\/p>\n","protected":false},"excerpt":{"rendered":"<p>Cet artiste s\u2019exprime sur son \u00ab plein engagement de ne pas couper les ponts avec le Royaume\u00bb. Il indique \u00e9galement son intention de \u00ab continuer \u00e0 lancer des \u0153uvres artistiques pour le Maroc et son peuple authentique \u00bb. Le chanteur d\u2019origine \u00e9miratie, Sail Almatar, vient de lancer, en dialecte marocain, un nouveau single intitul\u00e9 \u00abDima\u00bb [&hellip;]<\/p>\n","protected":false},"author":1759,"featured_media":95248,"comment_status":"closed","ping_status":"closed","sticky":false,"template":"","format":"standard","meta":{"fifu_image_url":"","fifu_image_alt":"","footnotes":""},"categories":[73,54],"tags":[],"class_list":["post-95247","post","type-post","status-publish","format-standard","has-post-thumbnail","hentry","category-actualite","category-maroc"],"_links":{"self":[{"href":"https:\/\/linitiative.ca\/International\/wp-json\/wp\/v2\/posts\/95247","targetHints":{"allow":["GET"]}}],"collection":[{"href":"https:\/\/linitiative.ca\/International\/wp-json\/wp\/v2\/posts"}],"about":[{"href":"https:\/\/linitiative.ca\/International\/wp-json\/wp\/v2\/types\/post"}],"author":[{"embeddable":true,"href":"https:\/\/linitiative.ca\/International\/wp-json\/wp\/v2\/users\/1759"}],"replies":[{"embeddable":true,"href":"https:\/\/linitiative.ca\/International\/wp-json\/wp\/v2\/comments?post=95247"}],"version-history":[{"count":0,"href":"https:\/\/linitiative.ca\/International\/wp-json\/wp\/v2\/posts\/95247\/revisions"}],"wp:featuredmedia":[{"embeddable":true,"href":"https:\/\/linitiative.ca\/International\/wp-json\/"}],"wp:attachment":[{"href":"https:\/\/linitiative.ca\/International\/wp-json\/wp\/v2\/media?parent=95247"}],"wp:term":[{"taxonomy":"category","embeddable":true,"href":"https:\/\/linitiative.ca\/International\/wp-json\/wp\/v2\/categories?post=95247"},{"taxonomy":"post_tag","embeddable":true,"href":"https:\/\/linitiative.ca\/International\/wp-json\/wp\/v2\/tags?post=95247"}],"curies":[{"name":"wp","href":"https:\/\/api.w.org\/{rel}","templated":true}]}}