{"id":95256,"date":"2020-08-11T09:25:03","date_gmt":"2020-08-11T13:25:03","guid":{"rendered":"https:\/\/linitiative.ca\/International\/trump-evacue-par-ses-gardes-du-corps-en-pleine-conference-de-presse\/"},"modified":"2020-08-11T09:25:03","modified_gmt":"2020-08-11T13:25:03","slug":"trump-evacue-par-ses-gardes-du-corps-en-pleine-conference-de-presse","status":"publish","type":"post","link":"https:\/\/linitiative.ca\/International\/trump-evacue-par-ses-gardes-du-corps-en-pleine-conference-de-presse\/","title":{"rendered":"Trump \u00e9vacu\u00e9 par ses gardes du corps en pleine conf\u00e9rence de presse"},"content":{"rendered":"<p class=\"has-text-color c2\"><strong>Un vent d\u2019inqui\u00e9tude a bri\u00e8vement souffl\u00e9 lundi sur la conf\u00e9rence de presse quotidienne de Donald Trump, quand le pr\u00e9sident des Etats-Unis a \u00e9t\u00e9 prestement escort\u00e9 loin de son pupitre et mis \u00e0 l\u2019abri par sa garde rapproch\u00e9e \u00e0 la suite d\u2019un incident \u00e0 l\u2019ext\u00e9rieur de la Maison Blanche.<\/strong><\/p>\n<p>\u00abLa police a tir\u00e9 sur quelqu\u2019un\u00bb, a expliqu\u00e9 Donald Trump \u00e0 son retour devant les journalistes, apr\u00e8s quelques minutes d\u2019interruption.<\/p>\n<p>\u00abC\u2019\u00e9tait \u00e0 l\u2019ext\u00e9rieur\u00bb de la barri\u00e8re de la Maison Blanche, a-t-il pr\u00e9cis\u00e9. A la question de savoir si ce suspect \u00e9tait arm\u00e9, le pr\u00e9sident a r\u00e9pondu: \u00abD\u2019apr\u00e8s ce que je comprends, oui\u00bb.<\/p>\n<p>\u00abLe Secret Service peut confirmer qu\u2019un agent a fait usage de son arme \u00e0 l\u2019angle de la 17e rue et de Pennsylvania Avenue\u00bb, un croisement tout proche de la Maison Blanche, a dans un premier temps tweet\u00e9 cette police d\u2019\u00e9lite charg\u00e9e de la protection des hautes personnalit\u00e9s am\u00e9ricaines.<br \/>Un \u00abhomme\u00bb et un \u00abagent du Secret Service\u00bb ont \u00e9t\u00e9 transport\u00e9s vers un h\u00f4pital voisin, a ajout\u00e9 l\u2019agence f\u00e9d\u00e9rale, assurant qu\u2019\u00e0 \u00abaucun moment\u00bb le complexe de la Maison Blanche n\u2019avait \u00e9t\u00e9 viol\u00e9.<\/p>\n<p>Le Secret Service a ensuite racont\u00e9 en d\u00e9tail la sc\u00e8ne dans un communiqu\u00e9 diffus\u00e9 sur Twitter. Un homme de 51 ans s\u2019est approch\u00e9 d\u2019un officier des services secrets qui se tenait au coin de la 17e rue et de Pennsylvania Avenue, \u00e0 un p\u00e2t\u00e9 de maisons de la Maison Blanche. Le suspect a dit \u00e0 l\u2019officier qu\u2019il avait une arme et a couru \u00abagressivement\u00bb vers lui, sortant un objet de ses v\u00eatements. Il a ensuite pris une \u00abposition de tireur\u00bb, comme s\u2019il avait l\u2019intention de tirer, et l\u2019officier des services secrets lui a alors tir\u00e9 une balle dans le torse.<\/p>\n<p>La police a boucl\u00e9 un vaste p\u00e9rim\u00e8tre autour de la Maison Blanche. Des voitures de police \u00e9taient stationn\u00e9es vers les lieux et des policiers arm\u00e9s patrouillaient le parc de Lafayette Square, devant la Maison Blanche, selon des journalistes de l\u2019AFP.<\/p>\n<p>Un v\u00e9lo appartenant \u00e0 un membre du Secret Service \u00e9tait par ailleurs au sol entour\u00e9 de cordons de police sur un trottoir de Pennsylvania Avenue, pr\u00e8s de la Maison Blanche, a constat\u00e9 un journaliste de l\u2019AFP.<\/p>\n<p>Philipos Melaku, un manifestant qui campe devant la Maison Blanche depuis des ann\u00e9es, a dit avoir entendu une voix \u00abd\u2019homme\u00bb juste avant un tir, vers 17H50 (21H50 GMT).<\/p>\n<p>\u00abJ\u2019ai entendu un tir et juste avant \u00e7a, j\u2019ai entendu des cris qui n\u2019\u00e9taient pas intelligibles\u00bb, a-t-il racont\u00e9 \u00e0 l\u2019AFP.<\/p>\n<p>\u00abImm\u00e9diatement apr\u00e8s cela, au moins huit ou neuf hommes sont arriv\u00e9s en courant en pointant leurs AR-15\u00bb, des fusils d\u2019assaut, a-t-il ajout\u00e9.<\/p>\n<p>Le pr\u00e9sident des Etats-Unis donnait son point presse quotidien lorsqu\u2019un agent charg\u00e9 de sa s\u00e9curit\u00e9 s\u2019est approch\u00e9. \u00abExcusez-moi?\u00bb lui a demand\u00e9 Donald Trump en s\u2019interrompant, avant de quitter calmement la salle, suivi par son \u00e9quipe, apr\u00e8s que l\u2019agent lui eut gliss\u00e9 des explications \u00e0 l\u2019oreille.<\/p>\n<p>\u00abSecou\u00e9? (\u2026). Le monde a toujours \u00e9t\u00e9 un endroit dangereux. Ce n\u2019est pas quelque chose de sp\u00e9cial\u00bb, a r\u00e9pondu le r\u00e9publicain \u00e0 une question \u00e0 son retour.<\/p>\n<p>\u00abCela n\u2019a peut-\u00eatre rien \u00e0 voir avec moi\u00bb, a-t-il d\u2019autre part avanc\u00e9.<\/p>\n<p>\u00abJe me sens en s\u00e9curit\u00e9 avec le Secret Service. Ce sont des gens fantastiques, les meilleurs des meilleurs\u00bb, a-t-il dit de cette agence f\u00e9d\u00e9rale assurant la protection rapproch\u00e9e du dirigeant des Etats-Unis et d\u2019autres personnalit\u00e9s politiques am\u00e9ricaines.<\/p>\n<p>Donald Trump a ensuite repris sa conf\u00e9rence de presse centr\u00e9e sur la pand\u00e9mie et l\u2019\u00e9conomie am\u00e9ricaine.<\/p>\n<p>Auteur: M&rsquo;hammed rahal<br \/>\n<a href=\"http:\/\/albayane.press.ma\/trump-evacue-par-ses-gardes-du-corps-en-pleine-conference-de-presse.html\">Cliquez ici pour lire l&rsquo;article depuis sa source.<\/a><\/p>\n","protected":false},"excerpt":{"rendered":"<p>Un vent d\u2019inqui\u00e9tude a bri\u00e8vement souffl\u00e9 lundi sur la conf\u00e9rence de presse quotidienne de Donald Trump, quand le pr\u00e9sident des Etats-Unis a \u00e9t\u00e9 prestement escort\u00e9 loin de son pupitre et mis \u00e0 l\u2019abri par sa garde rapproch\u00e9e \u00e0 la suite d\u2019un incident \u00e0 l\u2019ext\u00e9rieur de la Maison Blanche. \u00abLa police a tir\u00e9 sur quelqu\u2019un\u00bb, a [&hellip;]<\/p>\n","protected":false},"author":1760,"featured_media":0,"comment_status":"closed","ping_status":"closed","sticky":false,"template":"","format":"standard","meta":{"fifu_image_url":"","fifu_image_alt":"","footnotes":""},"categories":[73,54],"tags":[],"class_list":["post-95256","post","type-post","status-publish","format-standard","hentry","category-actualite","category-maroc"],"_links":{"self":[{"href":"https:\/\/linitiative.ca\/International\/wp-json\/wp\/v2\/posts\/95256","targetHints":{"allow":["GET"]}}],"collection":[{"href":"https:\/\/linitiative.ca\/International\/wp-json\/wp\/v2\/posts"}],"about":[{"href":"https:\/\/linitiative.ca\/International\/wp-json\/wp\/v2\/types\/post"}],"author":[{"embeddable":true,"href":"https:\/\/linitiative.ca\/International\/wp-json\/wp\/v2\/users\/1760"}],"replies":[{"embeddable":true,"href":"https:\/\/linitiative.ca\/International\/wp-json\/wp\/v2\/comments?post=95256"}],"version-history":[{"count":0,"href":"https:\/\/linitiative.ca\/International\/wp-json\/wp\/v2\/posts\/95256\/revisions"}],"wp:attachment":[{"href":"https:\/\/linitiative.ca\/International\/wp-json\/wp\/v2\/media?parent=95256"}],"wp:term":[{"taxonomy":"category","embeddable":true,"href":"https:\/\/linitiative.ca\/International\/wp-json\/wp\/v2\/categories?post=95256"},{"taxonomy":"post_tag","embeddable":true,"href":"https:\/\/linitiative.ca\/International\/wp-json\/wp\/v2\/tags?post=95256"}],"curies":[{"name":"wp","href":"https:\/\/api.w.org\/{rel}","templated":true}]}}