{"id":95258,"date":"2020-08-11T09:47:40","date_gmt":"2020-08-11T13:47:40","guid":{"rendered":"https:\/\/linitiative.ca\/International\/%ef%bb%bfles-parents-deleves-rencontrent-le-conseil-de-concurrence\/"},"modified":"2020-08-11T09:47:40","modified_gmt":"2020-08-11T13:47:40","slug":"%ef%bb%bfles-parents-deleves-rencontrent-le-conseil-de-concurrence","status":"publish","type":"post","link":"https:\/\/linitiative.ca\/International\/%ef%bb%bfles-parents-deleves-rencontrent-le-conseil-de-concurrence\/","title":{"rendered":"\ufeffLes parents d\u2019\u00e9l\u00e8ves rencontrent le Conseil de concurrence"},"content":{"rendered":"<p class=\"has-text-color has-vivid-red-color c2\"><strong>Frais de scolarit\u00e9 du priv\u00e9<\/strong><\/p>\n<p class=\"has-text-color c3\"><strong>Le Conseil de la Concurrence poursuit ses auditions pour rendre son avis quant \u00e0 la r\u00e9alit\u00e9 des prix pratiqu\u00e9s par les \u00e9tablissements de l\u2019enseignement priv\u00e9. \u00a0Il faut dire que ces sessions d\u2019\u00e9coute se d\u00e9roulent dans un climat de vive tension entre les patrons d\u2019\u00e9coles et les parents d\u2019\u00e9l\u00e8ves.<\/strong><\/p>\n<p>Ces derniers n\u2019ont cess\u00e9 de critiquer les tarifs excessifs impos\u00e9s par les \u00e9tablissements priv\u00e9s en l\u2019absence d\u2019une loi r\u00e9gulant le secteur. Pis encore, des informations, v\u00e9hicul\u00e9es r\u00e9cemment par des parents,\u00a0\u00e9voqueraient le cas de certaines \u00e9coles qui imposent aux parents des contrats contraignants en cas de force majeure et ce en les obligeant \u00e0 en assumer les cons\u00e9quences.<\/p>\n<p>Contact\u00e9 par Al Bayane, Mohammed Ennahili, coordinateur national de l\u2019Union des parents d\u2019\u00e9l\u00e8ves de l\u2019enseignement priv\u00e9 au Maroc a soulign\u00e9 que la rencontre avec l\u2019autorit\u00e9 de r\u00e9gulation fut une occasion pour d\u00e9plorer la nature de relation entre le gouvernement et les acteurs du secteur priv\u00e9. \u00abIl s\u2019agit d\u2019une relation d\u00e9s\u00e9quilibr\u00e9e\u00bb, a-t-il not\u00e9 en substance tout en jugeant que le d\u00e9sordre qui r\u00e8gne dans le secteur s\u2019explique par le faible r\u00f4le de l\u2019Etat tout en l\u2019appelant \u00e0 assumer ses responsabilit\u00e9s conform\u00e9ment \u00e0 des orientations claires qui prennent en consid\u00e9ration les int\u00e9r\u00eats des citoyens.<\/p>\n<p>Abondant dans le m\u00eame ordre d\u2019id\u00e9es, notre interlocuteur a indiqu\u00e9 que le m\u00e9morandum de l\u2019Union des parents d\u2019\u00e9l\u00e8ves contient un ensemble de points portant notamment sur les frais d\u2019assurance ou de r\u00e9inscription qui sont d\u00e9mesur\u00e9s voire injustifi\u00e9s. Et ce n\u2019est pas tout, certaines \u00e9coles pr\u00e9f\u00e8rent se payer en esp\u00e8ce au lieu d\u2019encaisser un ch\u00e8que (est ce pour \u00e9viter le contr\u00f4le du fisc\u00a0?).<\/p>\n<p>A cela s\u2019ajoute le refus de livraison d\u2019une facture d\u00e9taill\u00e9e aux ayants-droit ou encore le non- affichage des prix. Qui plus est, certaines \u00e9coles, en qu\u00eate uniquement du profit, ne communiquent nullement sur les places vacantes.\u00a0 Pour lui, une telle pratique ne fait que vider de tout sens le processus d\u2019apprentissage.<\/p>\n<p class=\"c4\">Khalid Darfaf<\/p>\n<p>Auteur: M&rsquo;hammed rahal<br \/>\n<a href=\"http:\/\/albayane.press.ma\/%EF%BB%BFles-parents-deleves-rencontrent-le-conseil-de-concurrence.html\">Cliquez ici pour lire l&rsquo;article depuis sa source.<\/a><\/p>\n","protected":false},"excerpt":{"rendered":"<p>Frais de scolarit\u00e9 du priv\u00e9 Le Conseil de la Concurrence poursuit ses auditions pour rendre son avis quant \u00e0 la r\u00e9alit\u00e9 des prix pratiqu\u00e9s par les \u00e9tablissements de l\u2019enseignement priv\u00e9. \u00a0Il faut dire que ces sessions d\u2019\u00e9coute se d\u00e9roulent dans un climat de vive tension entre les patrons d\u2019\u00e9coles et les parents d\u2019\u00e9l\u00e8ves. Ces derniers [&hellip;]<\/p>\n","protected":false},"author":1760,"featured_media":0,"comment_status":"closed","ping_status":"closed","sticky":false,"template":"","format":"standard","meta":{"fifu_image_url":"","fifu_image_alt":"","footnotes":""},"categories":[73,54],"tags":[],"class_list":["post-95258","post","type-post","status-publish","format-standard","hentry","category-actualite","category-maroc"],"_links":{"self":[{"href":"https:\/\/linitiative.ca\/International\/wp-json\/wp\/v2\/posts\/95258","targetHints":{"allow":["GET"]}}],"collection":[{"href":"https:\/\/linitiative.ca\/International\/wp-json\/wp\/v2\/posts"}],"about":[{"href":"https:\/\/linitiative.ca\/International\/wp-json\/wp\/v2\/types\/post"}],"author":[{"embeddable":true,"href":"https:\/\/linitiative.ca\/International\/wp-json\/wp\/v2\/users\/1760"}],"replies":[{"embeddable":true,"href":"https:\/\/linitiative.ca\/International\/wp-json\/wp\/v2\/comments?post=95258"}],"version-history":[{"count":0,"href":"https:\/\/linitiative.ca\/International\/wp-json\/wp\/v2\/posts\/95258\/revisions"}],"wp:attachment":[{"href":"https:\/\/linitiative.ca\/International\/wp-json\/wp\/v2\/media?parent=95258"}],"wp:term":[{"taxonomy":"category","embeddable":true,"href":"https:\/\/linitiative.ca\/International\/wp-json\/wp\/v2\/categories?post=95258"},{"taxonomy":"post_tag","embeddable":true,"href":"https:\/\/linitiative.ca\/International\/wp-json\/wp\/v2\/tags?post=95258"}],"curies":[{"name":"wp","href":"https:\/\/api.w.org\/{rel}","templated":true}]}}