{"id":95261,"date":"2020-08-11T05:09:22","date_gmt":"2020-08-11T09:09:22","guid":{"rendered":"https:\/\/linitiative.ca\/International\/un-hotel-reserve-aux-animaux-une-premiere-en-tunisie\/"},"modified":"2020-08-11T05:09:22","modified_gmt":"2020-08-11T09:09:22","slug":"un-hotel-reserve-aux-animaux-une-premiere-en-tunisie","status":"publish","type":"post","link":"https:\/\/linitiative.ca\/International\/un-hotel-reserve-aux-animaux-une-premiere-en-tunisie\/","title":{"rendered":"Un h\u00f4tel r\u00e9serv\u00e9 aux animaux, une premi\u00e8re en Tunisie"},"content":{"rendered":"<p>Le premier h\u00f4tel tunisien r\u00e9serv\u00e9 exclusivement aux animaux a \u00e9t\u00e9 inaugur\u00e9 la semaine derni\u00e8re \u00e0 la Soukra.<\/p>\n<p>Rahma Haddad, propri\u00e9taire de l\u2019h\u00f4tel a indiqu\u00e9 dans son intervention sur les ondes de Mosa\u00efque FM dans Ahla Sbeh du 11 ao\u00fbt 2020 et qu\u2019elle a eu l\u2019id\u00e9e de lancer ce projet quand elle s\u2019est rendue compte qu\u2019il est difficile de trouver un endroit s\u00fbr o\u00f9 garder son animal de compagnie pendant un voyage ou d\u00e9placement.<\/p>\n<p>Elle a soulign\u00e9 que l\u2019h\u00f4tel se charge de tous les besoins des animaux et que chaque animal b\u00e9n\u00e9ficie d\u2019une chambre et d\u2019un petit jardin individuel. Un v\u00e9t\u00e9rinaire assure le contr\u00f4le continu de ces animaux et veille \u00e0 leur hygi\u00e8ne.<\/p>\n<p>Rahma Haddad a \u00e9galement affirm\u00e9 que l\u2019h\u00f4tel en question a une capacit\u00e9 d\u2019accueil de 36 chiens et 25 chats<\/p>\n<p>source:mosaiquefm<\/p>\n<div class=\"wp-post-author-wrap wp-post-author-shortcode left\">\n<h3 class=\"awpa-title\"\/>\n<div class=\"wp-post-author\">\n<div class=\"awpa-img awpa-author-block square\"><a href=\"http:\/\/lexpertjournal.net\/fr\/?author=5\"><img loading=\"lazy\" decoding=\"async\" alt=\"\" src=\"http:\/\/0.gravatar.com\/avatar\/97f8e10a1c1125ba104a76514ee07b16?s=150&amp;d=mm&amp;r=g\" srcset=\"http:\/\/0.gravatar.com\/avatar\/97f8e10a1c1125ba104a76514ee07b16?s=300&amp;d=mm&amp;r=g 2x\" class=\"avatar avatar-150 photo\" height=\"150\" width=\"150\"\/><\/a><\/div>\n<\/div>\n<\/div>\n<aside class=\"mashsb-container mashsb-main mashsb-stretched\">\n<\/aside>\n<p>Auteur: L&rsquo;expert<br \/>\n<a href=\"http:\/\/lexpertjournal.net\/fr\/?p=16130\">Cliquez ici pour lire l&rsquo;article depuis sa source.<\/a><\/p>\n","protected":false},"excerpt":{"rendered":"<p>Le premier h\u00f4tel tunisien r\u00e9serv\u00e9 exclusivement aux animaux a \u00e9t\u00e9 inaugur\u00e9 la semaine derni\u00e8re \u00e0 la Soukra. Rahma Haddad, propri\u00e9taire de l\u2019h\u00f4tel a indiqu\u00e9 dans son intervention sur les ondes de Mosa\u00efque FM dans Ahla Sbeh du 11 ao\u00fbt 2020 et qu\u2019elle a eu l\u2019id\u00e9e de lancer ce projet quand elle s\u2019est rendue compte qu\u2019il [&hellip;]<\/p>\n","protected":false},"author":1775,"featured_media":0,"comment_status":"closed","ping_status":"closed","sticky":false,"template":"","format":"standard","meta":{"fifu_image_url":"","fifu_image_alt":"","footnotes":""},"categories":[78,55],"tags":[],"class_list":["post-95261","post","type-post","status-publish","format-standard","hentry","category-economie","category-tunisie"],"_links":{"self":[{"href":"https:\/\/linitiative.ca\/International\/wp-json\/wp\/v2\/posts\/95261","targetHints":{"allow":["GET"]}}],"collection":[{"href":"https:\/\/linitiative.ca\/International\/wp-json\/wp\/v2\/posts"}],"about":[{"href":"https:\/\/linitiative.ca\/International\/wp-json\/wp\/v2\/types\/post"}],"author":[{"embeddable":true,"href":"https:\/\/linitiative.ca\/International\/wp-json\/wp\/v2\/users\/1775"}],"replies":[{"embeddable":true,"href":"https:\/\/linitiative.ca\/International\/wp-json\/wp\/v2\/comments?post=95261"}],"version-history":[{"count":0,"href":"https:\/\/linitiative.ca\/International\/wp-json\/wp\/v2\/posts\/95261\/revisions"}],"wp:attachment":[{"href":"https:\/\/linitiative.ca\/International\/wp-json\/wp\/v2\/media?parent=95261"}],"wp:term":[{"taxonomy":"category","embeddable":true,"href":"https:\/\/linitiative.ca\/International\/wp-json\/wp\/v2\/categories?post=95261"},{"taxonomy":"post_tag","embeddable":true,"href":"https:\/\/linitiative.ca\/International\/wp-json\/wp\/v2\/tags?post=95261"}],"curies":[{"name":"wp","href":"https:\/\/api.w.org\/{rel}","templated":true}]}}