{"id":95262,"date":"2020-08-11T05:30:32","date_gmt":"2020-08-11T09:30:32","guid":{"rendered":"https:\/\/linitiative.ca\/International\/inflation-net-repli-au-cours-du-troisieme-trimestre-de-2020\/"},"modified":"2020-08-11T05:30:32","modified_gmt":"2020-08-11T09:30:32","slug":"inflation-net-repli-au-cours-du-troisieme-trimestre-de-2020","status":"publish","type":"post","link":"https:\/\/linitiative.ca\/International\/inflation-net-repli-au-cours-du-troisieme-trimestre-de-2020\/","title":{"rendered":"Inflation: net repli au cours du troisi\u00e8me trimestre de 2020"},"content":{"rendered":"<div class=\"desc descp__content\" data-io-article-url=\"https:\/\/www.mosaiquefm.net\/fr\/actualite-economie-tunisie\/779729\/inflation-net-repli-au-cours-du-troisieme-trimestre-de-2020\">\n<p>La tendance \u00e0 la d\u00e9sinflation devrait se poursuivre au cours de la p\u00e9riode \u00e0 venir. L\u2019inflation devrait conna\u00eetre un net repli au cours du troisi\u00e8me trimestre de l\u2019ann\u00e9e 2020, d\u2019apr\u00e8s la BCT, apr\u00e8s le rebond \u00bb conjoncturel \u00bb enregistr\u00e9 au T2-2020, pour s\u2019\u00e9tablir \u00e0 5,4%, en moyenne, apr\u00e8s 6,1% au T2 de l\u2019ann\u00e9e 2020 et 6,6% au T3 de 2019.<\/p>\n<p>Cette d\u00e9c\u00e9l\u00e9ration serait favoris\u00e9e, d\u2019apr\u00e8s une note de la BCT sur les \u00e9volutions \u00e9conomiques et mon\u00e9taires rendue publique, lundi, par un effet de base favorable soutenu par l\u2019estompement de l\u2019effet de l\u2019ajustement \u00e0 la hausse du prix du tabac au cours des mois d\u2019ao\u00fbt et de septembre 2019.<\/p>\n<p>Elle est aussi favoris\u00e9e par la poursuite de l\u2019ajustement \u00e0 la baisse des prix \u00e0 la pompe conjugu\u00e9 \u00e0 l\u2019absence de pression particuli\u00e8re sur les prix des produits alimentaires frais et \u00e0 la baisse saisonni\u00e8re des prix de l\u2019habillement et des chaussures.<\/p>\n<p>Selon la note de la BCT, il est \u00e9galement pr\u00e9vu une poursuite du ralentissement graduel de la principale mesure de l\u2019inflation sous-jacente au T3-2020, pour atteindre 5,8% en moyenne contre 5,9% un trimestre auparavant.<\/p>\n<p>(TAP)<\/p>\n<\/div>\n<div class=\"wp-post-author-wrap wp-post-author-shortcode left\">\n<h3 class=\"awpa-title\"\/>\n<div class=\"wp-post-author\">\n<div class=\"awpa-img awpa-author-block square\"><a href=\"http:\/\/lexpertjournal.net\/fr\/?author=5\"><img loading=\"lazy\" decoding=\"async\" alt=\"\" src=\"http:\/\/0.gravatar.com\/avatar\/97f8e10a1c1125ba104a76514ee07b16?s=150&amp;d=mm&amp;r=g\" srcset=\"http:\/\/0.gravatar.com\/avatar\/97f8e10a1c1125ba104a76514ee07b16?s=300&amp;d=mm&amp;r=g 2x\" class=\"avatar avatar-150 photo\" height=\"150\" width=\"150\"\/><\/a><\/div>\n<\/div>\n<\/div>\n<aside class=\"mashsb-container mashsb-main mashsb-stretched\">\n<\/aside>\n<p>Auteur: L&rsquo;expert<br \/>\n<a href=\"http:\/\/lexpertjournal.net\/fr\/?p=16133\">Cliquez ici pour lire l&rsquo;article depuis sa source.<\/a><\/p>\n","protected":false},"excerpt":{"rendered":"<p>La tendance \u00e0 la d\u00e9sinflation devrait se poursuivre au cours de la p\u00e9riode \u00e0 venir. L\u2019inflation devrait conna\u00eetre un net repli au cours du troisi\u00e8me trimestre de l\u2019ann\u00e9e 2020, d\u2019apr\u00e8s la BCT, apr\u00e8s le rebond \u00bb conjoncturel \u00bb enregistr\u00e9 au T2-2020, pour s\u2019\u00e9tablir \u00e0 5,4%, en moyenne, apr\u00e8s 6,1% au T2 de l\u2019ann\u00e9e 2020 et [&hellip;]<\/p>\n","protected":false},"author":1775,"featured_media":0,"comment_status":"closed","ping_status":"closed","sticky":false,"template":"","format":"standard","meta":{"fifu_image_url":"","fifu_image_alt":"","footnotes":""},"categories":[78,55],"tags":[],"class_list":["post-95262","post","type-post","status-publish","format-standard","hentry","category-economie","category-tunisie"],"_links":{"self":[{"href":"https:\/\/linitiative.ca\/International\/wp-json\/wp\/v2\/posts\/95262","targetHints":{"allow":["GET"]}}],"collection":[{"href":"https:\/\/linitiative.ca\/International\/wp-json\/wp\/v2\/posts"}],"about":[{"href":"https:\/\/linitiative.ca\/International\/wp-json\/wp\/v2\/types\/post"}],"author":[{"embeddable":true,"href":"https:\/\/linitiative.ca\/International\/wp-json\/wp\/v2\/users\/1775"}],"replies":[{"embeddable":true,"href":"https:\/\/linitiative.ca\/International\/wp-json\/wp\/v2\/comments?post=95262"}],"version-history":[{"count":0,"href":"https:\/\/linitiative.ca\/International\/wp-json\/wp\/v2\/posts\/95262\/revisions"}],"wp:attachment":[{"href":"https:\/\/linitiative.ca\/International\/wp-json\/wp\/v2\/media?parent=95262"}],"wp:term":[{"taxonomy":"category","embeddable":true,"href":"https:\/\/linitiative.ca\/International\/wp-json\/wp\/v2\/categories?post=95262"},{"taxonomy":"post_tag","embeddable":true,"href":"https:\/\/linitiative.ca\/International\/wp-json\/wp\/v2\/tags?post=95262"}],"curies":[{"name":"wp","href":"https:\/\/api.w.org\/{rel}","templated":true}]}}