{"id":95275,"date":"2020-08-11T10:05:11","date_gmt":"2020-08-11T14:05:11","guid":{"rendered":"https:\/\/linitiative.ca\/International\/ram-vols-speciaux-jusquau-10-septembre\/"},"modified":"2020-08-11T10:05:11","modified_gmt":"2020-08-11T14:05:11","slug":"ram-vols-speciaux-jusquau-10-septembre","status":"publish","type":"post","link":"https:\/\/linitiative.ca\/International\/ram-vols-speciaux-jusquau-10-septembre\/","title":{"rendered":"RAM: Vols sp\u00e9ciaux jusqu\u2019au 10 septembre"},"content":{"rendered":"<div class=\"body\">\n<div class=\"field field-name-body field-type-text-with-summary field-label-hidden\">\n<div class=\"field-items\" readability=\"8\">\n<div class=\"field-item even\" property=\"content:encoded\" readability=\"11\">\n<p class=\"rtejustify\">La compagnie nationale \u00e9tend le programme de ses vols sp\u00e9ciaux jusqu\u2019au 10 septembre prochain. Lanc\u00e9s depuis la mi-juillet, ces vols ont \u00e9t\u00e9 programm\u00e9s en coordination avec les autorit\u00e9s marocaines concern\u00e9es et selon les conditions impos\u00e9es par les gouvernements des diff\u00e9rents pays. Ils viennent ainsi en replacement des vols r\u00e9guliers qui \u00e9taient programm\u00e9s initialement. D\u2019o\u00f9 l\u2019appel de la compagnie aux passagers en possession de billets sur les vols r\u00e9guliers \u00e0 prendre contact avec son centre d\u2019appel pour se renseigner sur les modalit\u00e9s de changement ou d\u2019annulation de ces billets. RAM rappelle aux passagers qui arrivent au Maroc de disposer d\u2019un test PCR n\u00e9gatif datant de moins de 48h et d\u2019un test s\u00e9rologique. Les enfants \u00e2g\u00e9s de moins de 11 ans sont dispens\u00e9s du test. Les passagers doivent s\u2019informer sur les dispositions sanitaires exig\u00e9es par les pays de leur destination finale et s\u2019y conformer.<br \/><em>M.A.B.<\/em><\/p>\n<\/div>\n<\/div>\n<\/div>\n<\/div>\n<div class=\"eco-conseil\">\n<div class=\"view view-eco-conseil-16 view-id-eco_conseil_16 view-display-id-cookies view-dom-id-d6a3e735d27060b06d312d1f64b239a8\">\n<div class=\"view-content\">\n<div id=\"views-bootstrap-grid-1\" class=\"views-bootstrap-grid-plugin-style\">\n<div class=\"row\">\n<div class=\" col-xs-12 col-lg-4\">\n<div class=\"row\">\n<div class=\"col col-xs-12 col-lg-12\">\n<div class=\"field-content\"><a href=\"\/article\/1065828-damane-oxygene-17-5-milliards-de-dh-distribues\"><img loading=\"lazy\" decoding=\"async\" class=\"img-responsive\" typeof=\"foaf:Image\" src=\"https:\/\/www.leconomiste.com\/sites\/default\/files\/eco7\/public\/styles\/800x400\/public\/default_images\/default_une.jpg?itok=4jZlgnIZ\" width=\"660\" height=\"330\" alt=\"\"\/><\/a><\/div>\n<\/div>\n<div class=\" title_suite_2 col col-xs-12 col-lg-12\"> <a href=\"\/article\/1065828-damane-oxygene-17-5-milliards-de-dh-distribues\"\/><span class=\"field-content\">Damane Oxyg\u00e8ne: 17,5 milliards de DH distribu\u00e9s<\/span><\/div>\n<\/div>\n<\/div>\n<div class=\" col-xs-12 col-lg-4\">\n<div class=\"row\">\n<div class=\"col col-xs-12 col-lg-12\">\n<div class=\"field-content\"><a href=\"\/article\/1065827-le-credit-immobilier-en-ligne-par-boa\"><img loading=\"lazy\" decoding=\"async\" class=\"img-responsive\" typeof=\"foaf:Image\" src=\"https:\/\/www.leconomiste.com\/sites\/default\/files\/eco7\/public\/styles\/800x400\/public\/default_images\/default_une.jpg?itok=4jZlgnIZ\" width=\"660\" height=\"330\" alt=\"\"\/><\/a><\/div>\n<\/div>\n<div class=\" title_suite_2 col col-xs-12 col-lg-12\"> <a href=\"\/article\/1065827-le-credit-immobilier-en-ligne-par-boa\"\/><span class=\"field-content\">Le cr\u00e9dit immobilier en ligne par BOA<\/span><\/div>\n<\/div>\n<\/div>\n<div class=\" col-xs-12 col-lg-4\">\n<div class=\"row\">\n<div class=\"col col-xs-12 col-lg-12\">\n<div class=\"field-content\"><a href=\"\/article\/1065826-cih-bank-automatise-les-services-bancaires-aux-entreprises\"><img loading=\"lazy\" decoding=\"async\" class=\"img-responsive\" typeof=\"foaf:Image\" src=\"https:\/\/www.leconomiste.com\/sites\/default\/files\/eco7\/public\/styles\/800x400\/public\/default_images\/default_une.jpg?itok=4jZlgnIZ\" width=\"660\" height=\"330\" alt=\"\"\/><\/a><\/div>\n<\/div>\n<div class=\" title_suite_2 col col-xs-12 col-lg-12\"> <a href=\"\/article\/1065826-cih-bank-automatise-les-services-bancaires-aux-entreprises\"\/><span class=\"field-content\">CIH Bank automatise les services bancaires aux entreprises<\/span><\/div>\n<\/div>\n<\/div>\n<\/div>\n<\/div>\n<\/div>\n<\/div>\n<\/div>\n<p>Auteur: hlafriqi<br \/>\n<a href=\"https:\/\/www.leconomiste.com\/article\/1065824-ram-vols-speciaux-jusqu-au-10-septembre\">Cliquez ici pour lire l&rsquo;article depuis sa source.<\/a><\/p>\n","protected":false},"excerpt":{"rendered":"<p>La compagnie nationale \u00e9tend le programme de ses vols sp\u00e9ciaux jusqu\u2019au 10 septembre prochain. Lanc\u00e9s depuis la mi-juillet, ces vols ont \u00e9t\u00e9 programm\u00e9s en coordination avec les autorit\u00e9s marocaines concern\u00e9es et selon les conditions impos\u00e9es par les gouvernements des diff\u00e9rents pays. Ils viennent ainsi en replacement des vols r\u00e9guliers qui \u00e9taient programm\u00e9s initialement. D\u2019o\u00f9 l\u2019appel [&hellip;]<\/p>\n","protected":false},"author":1763,"featured_media":0,"comment_status":"closed","ping_status":"closed","sticky":false,"template":"","format":"standard","meta":{"fifu_image_url":"","fifu_image_alt":"","footnotes":""},"categories":[78,54],"tags":[],"class_list":["post-95275","post","type-post","status-publish","format-standard","hentry","category-economie","category-maroc"],"_links":{"self":[{"href":"https:\/\/linitiative.ca\/International\/wp-json\/wp\/v2\/posts\/95275","targetHints":{"allow":["GET"]}}],"collection":[{"href":"https:\/\/linitiative.ca\/International\/wp-json\/wp\/v2\/posts"}],"about":[{"href":"https:\/\/linitiative.ca\/International\/wp-json\/wp\/v2\/types\/post"}],"author":[{"embeddable":true,"href":"https:\/\/linitiative.ca\/International\/wp-json\/wp\/v2\/users\/1763"}],"replies":[{"embeddable":true,"href":"https:\/\/linitiative.ca\/International\/wp-json\/wp\/v2\/comments?post=95275"}],"version-history":[{"count":0,"href":"https:\/\/linitiative.ca\/International\/wp-json\/wp\/v2\/posts\/95275\/revisions"}],"wp:attachment":[{"href":"https:\/\/linitiative.ca\/International\/wp-json\/wp\/v2\/media?parent=95275"}],"wp:term":[{"taxonomy":"category","embeddable":true,"href":"https:\/\/linitiative.ca\/International\/wp-json\/wp\/v2\/categories?post=95275"},{"taxonomy":"post_tag","embeddable":true,"href":"https:\/\/linitiative.ca\/International\/wp-json\/wp\/v2\/tags?post=95275"}],"curies":[{"name":"wp","href":"https:\/\/api.w.org\/{rel}","templated":true}]}}