{"id":95280,"date":"2020-08-11T11:30:00","date_gmt":"2020-08-11T15:30:00","guid":{"rendered":"https:\/\/linitiative.ca\/International\/olaf-scholz-a-la-chancellerie-en-2021\/"},"modified":"2020-08-11T11:30:00","modified_gmt":"2020-08-11T15:30:00","slug":"olaf-scholz-a-la-chancellerie-en-2021","status":"publish","type":"post","link":"https:\/\/linitiative.ca\/International\/olaf-scholz-a-la-chancellerie-en-2021\/","title":{"rendered":"Olaf Scholz \u00e0 la chancellerie en 2021?"},"content":{"rendered":"<p class=\"p1 c4\"><span class=\"c3\"><span class=\"c2\">\u00c0 plus d&rsquo;un an des futures \u00e9lections l\u00e9gislatives en Allemagne &#8211; les premi\u00e8res sans Angela Merkel &#8211; on sait d\u00e9sormais qui portera les couleurs des sociaux-d\u00e9mocrates. Le SPD a choisi de prendre ses concurrents de vitesse et a d\u00e9sign\u00e9 ce lundi l&rsquo;actuel ministre des Finances, Olaf Scholz. Un choix sans surprise, mais le parti, au plus bas dans les sondages, a un lourd handicap \u00e0 rattraper.<\/span><\/span><\/p>\n<p class=\"p1 c4\"><span class=\"c3\"><span class=\"c2\">Apr\u00e8s la pire d\u00e9faite de sa carri\u00e8re, la r\u00e9surrection, voire la revanche. Car ce sont les deux co-pr\u00e9sidents du SPD, \u00e9lus \u00e0 l\u2019automne dernier contre Olaf Scholz, qui ont annonc\u00e9 ce lundi que la direction du parti social-d\u00e9mocrate avait d\u00e9sign\u00e9, \u00e0 l\u2019unanimit\u00e9, le ministre des Finances comme candidat \u00e0 la chancellerie.<\/span><\/span><\/p>\n<p class=\"p1 c4\"><span class=\"c3\"><span class=\"c2\">Le choix est sans surprise car Olaf Scholz n\u2019a pas de concurrent cr\u00e9dible en interne. Il est le seul \u00e0 disposer d\u2019une exp\u00e9rience gouvernementale au plan national. Il a \u00e9t\u00e9 deux fois ministre d\u2019Angela Merkel, entre 2005 et 2009 aux Affaires sociales, et depuis deux ans et demi aux Finances. \u00c0 la t\u00eate de la ville de Hambourg, il a engrang\u00e9 des scores tr\u00e8s \u00e9lev\u00e9s pour le SPD. Olaf Scholz est aussi aujourd\u2019hui le social-d\u00e9mocrate le plus populaire dans les sondages.<\/span><\/span><\/p>\n<p class=\"p1 c4\"><span class=\"c3\"><span class=\"c2\">Il a \u00e9chou\u00e9 l\u2019an dernier \u00e0 prendre la direction du parti, rejet\u00e9 par une base qui voulait un coup de barre \u00e0 gauchecontre celui qui incarnait la grande coalition avec la droite et une politique budg\u00e9taire stricte.<\/span><\/span><\/p>\n<p class=\"p1 c4\"><span class=\"c3\"><span class=\"c2\">Les d\u00e9penses massives pour soutenir l\u2019\u00e9conomie face aux cons\u00e9quences de la pand\u00e9mie de coronavirus ont corrig\u00e9 cette image. Mais Olaf Scholz n\u2019est pas pour autant devenu l\u2019idole de l\u2019aile gauche du SPD.<\/span><\/span><\/p>\n<p class=\"p1 c4\"><span class=\"c3\"><span class=\"c2\">Son plus grand handicap reste toutefois l\u2019\u00e9norme retard de son parti dans les sondages. Le SPD n\u2019arrive aujourd\u2019hui qu\u2019en troisi\u00e8me position derri\u00e8re les conservateurs qui font la course en t\u00eate et les Verts avec 15% des intentions de vote. Aujourd&rsquo;hui, Olaf Scholz a malgr\u00e9 tout affirm\u00e9 : \u00ab Je veux gagner .\u00bb<\/span><\/span><\/p>\n<p>Auteur: letemps1<br \/>\n<a href=\"http:\/\/www.letemps.com.tn\/article\/116313\/olaf-scholz-%C3%A0-la-chancellerie-en-2021\">Cliquez ici pour lire l&rsquo;article depuis sa source.<\/a><\/p>\n","protected":false},"excerpt":{"rendered":"<p>\u00c0 plus d&rsquo;un an des futures \u00e9lections l\u00e9gislatives en Allemagne &#8211; les premi\u00e8res sans Angela Merkel &#8211; on sait d\u00e9sormais qui portera les couleurs des sociaux-d\u00e9mocrates. Le SPD a choisi de prendre ses concurrents de vitesse et a d\u00e9sign\u00e9 ce lundi l&rsquo;actuel ministre des Finances, Olaf Scholz. Un choix sans surprise, mais le parti, au [&hellip;]<\/p>\n","protected":false},"author":1773,"featured_media":0,"comment_status":"closed","ping_status":"closed","sticky":false,"template":"","format":"standard","meta":{"fifu_image_url":"","fifu_image_alt":"","footnotes":""},"categories":[73,55],"tags":[],"class_list":["post-95280","post","type-post","status-publish","format-standard","hentry","category-actualite","category-tunisie"],"_links":{"self":[{"href":"https:\/\/linitiative.ca\/International\/wp-json\/wp\/v2\/posts\/95280","targetHints":{"allow":["GET"]}}],"collection":[{"href":"https:\/\/linitiative.ca\/International\/wp-json\/wp\/v2\/posts"}],"about":[{"href":"https:\/\/linitiative.ca\/International\/wp-json\/wp\/v2\/types\/post"}],"author":[{"embeddable":true,"href":"https:\/\/linitiative.ca\/International\/wp-json\/wp\/v2\/users\/1773"}],"replies":[{"embeddable":true,"href":"https:\/\/linitiative.ca\/International\/wp-json\/wp\/v2\/comments?post=95280"}],"version-history":[{"count":0,"href":"https:\/\/linitiative.ca\/International\/wp-json\/wp\/v2\/posts\/95280\/revisions"}],"wp:attachment":[{"href":"https:\/\/linitiative.ca\/International\/wp-json\/wp\/v2\/media?parent=95280"}],"wp:term":[{"taxonomy":"category","embeddable":true,"href":"https:\/\/linitiative.ca\/International\/wp-json\/wp\/v2\/categories?post=95280"},{"taxonomy":"post_tag","embeddable":true,"href":"https:\/\/linitiative.ca\/International\/wp-json\/wp\/v2\/tags?post=95280"}],"curies":[{"name":"wp","href":"https:\/\/api.w.org\/{rel}","templated":true}]}}