{"id":95281,"date":"2020-08-11T11:30:00","date_gmt":"2020-08-11T15:30:00","guid":{"rendered":"https:\/\/linitiative.ca\/International\/manifestation-et-arrestations\/"},"modified":"2020-08-11T11:30:00","modified_gmt":"2020-08-11T15:30:00","slug":"manifestation-et-arrestations","status":"publish","type":"post","link":"https:\/\/linitiative.ca\/International\/manifestation-et-arrestations\/","title":{"rendered":"Manifestation et arrestations"},"content":{"rendered":"<p class=\"p1 c4\"><span class=\"c3\"><span class=\"c2\">Des heurts ont oppos\u00e9 hier \u00e0 Minsk, pour le deuxi\u00e8me soir cons\u00e9cutif, la police bi\u00e9lorusse \u00e0 des manifestants protestant contre la r\u00e9\u00e9lection du pr\u00e9sident Alexandre Loukachenko, a constat\u00e9 un journaliste de Reuters.<\/span><\/span><\/p>\n<p class=\"p1 c4\"><span class=\"c3\"><span class=\"c2\">Une trentaine de personnes ont \u00e9t\u00e9 interpell\u00e9es.<\/span><\/span><\/p>\n<p class=\"p1 c4\"><span class=\"c3\"><span class=\"c2\">Loukachenko, au pouvoir depuis 1994, a \u00e9t\u00e9 r\u00e9\u00e9lu avec plus de 80% des voix, ont annonc\u00e9 les autorit\u00e9s de l&rsquo;ancienne r\u00e9publique sovi\u00e9tique.<\/span><\/span><\/p>\n<p class=\"p1 c4\"><span class=\"c3\"><span class=\"c2\">Sa principale opposante, Svetlana Tikhanouska\u00efa, a refus\u00e9 de reconna\u00eetre les r\u00e9sultats.<\/span><\/span><\/p>\n<p class=\"p1 c4\"><span class=\"c3\"><span class=\"c2\">Le chef de la s\u00e9curit\u00e9 int\u00e9rieure bi\u00e9lorusse a affirm\u00e9 sur une cha\u00eene de t\u00e9l\u00e9vision avoir d\u00e9jou\u00e9 un attentat contre elle.<\/span><\/span><\/p>\n<p>Auteur: letemps1<br \/>\n<a href=\"http:\/\/www.letemps.com.tn\/article\/116314\/manifestation-et-arrestations\">Cliquez ici pour lire l&rsquo;article depuis sa source.<\/a><\/p>\n","protected":false},"excerpt":{"rendered":"<p>Des heurts ont oppos\u00e9 hier \u00e0 Minsk, pour le deuxi\u00e8me soir cons\u00e9cutif, la police bi\u00e9lorusse \u00e0 des manifestants protestant contre la r\u00e9\u00e9lection du pr\u00e9sident Alexandre Loukachenko, a constat\u00e9 un journaliste de Reuters. Une trentaine de personnes ont \u00e9t\u00e9 interpell\u00e9es. Loukachenko, au pouvoir depuis 1994, a \u00e9t\u00e9 r\u00e9\u00e9lu avec plus de 80% des voix, ont annonc\u00e9 [&hellip;]<\/p>\n","protected":false},"author":1773,"featured_media":0,"comment_status":"closed","ping_status":"closed","sticky":false,"template":"","format":"standard","meta":{"fifu_image_url":"","fifu_image_alt":"","footnotes":""},"categories":[73,55],"tags":[],"class_list":["post-95281","post","type-post","status-publish","format-standard","hentry","category-actualite","category-tunisie"],"_links":{"self":[{"href":"https:\/\/linitiative.ca\/International\/wp-json\/wp\/v2\/posts\/95281","targetHints":{"allow":["GET"]}}],"collection":[{"href":"https:\/\/linitiative.ca\/International\/wp-json\/wp\/v2\/posts"}],"about":[{"href":"https:\/\/linitiative.ca\/International\/wp-json\/wp\/v2\/types\/post"}],"author":[{"embeddable":true,"href":"https:\/\/linitiative.ca\/International\/wp-json\/wp\/v2\/users\/1773"}],"replies":[{"embeddable":true,"href":"https:\/\/linitiative.ca\/International\/wp-json\/wp\/v2\/comments?post=95281"}],"version-history":[{"count":0,"href":"https:\/\/linitiative.ca\/International\/wp-json\/wp\/v2\/posts\/95281\/revisions"}],"wp:attachment":[{"href":"https:\/\/linitiative.ca\/International\/wp-json\/wp\/v2\/media?parent=95281"}],"wp:term":[{"taxonomy":"category","embeddable":true,"href":"https:\/\/linitiative.ca\/International\/wp-json\/wp\/v2\/categories?post=95281"},{"taxonomy":"post_tag","embeddable":true,"href":"https:\/\/linitiative.ca\/International\/wp-json\/wp\/v2\/tags?post=95281"}],"curies":[{"name":"wp","href":"https:\/\/api.w.org\/{rel}","templated":true}]}}