{"id":95282,"date":"2020-08-11T11:30:00","date_gmt":"2020-08-11T15:30:00","guid":{"rendered":"https:\/\/linitiative.ca\/International\/drame-sans-precedent-pour-une-ong-francaise\/"},"modified":"2020-08-11T11:30:00","modified_gmt":"2020-08-11T15:30:00","slug":"drame-sans-precedent-pour-une-ong-francaise","status":"publish","type":"post","link":"https:\/\/linitiative.ca\/International\/drame-sans-precedent-pour-une-ong-francaise\/","title":{"rendered":"Drame sans pr\u00e9c\u00e9dent pour une ONG fran\u00e7aise"},"content":{"rendered":"<p class=\"p1 c4\"><span class=\"c3\"><span class=\"c2\">Acted a perdu sept de ses membres assassin\u00e9s lors d&rsquo;une attaque terroriste. Elle \u0153uvre dans les r\u00e9gions les plus dangereuses du pays. Acted est la seconde ONG de France derri\u00e8re M\u00e9decins sans Fronti\u00e8res. Elle m\u00e8ne actuellement des actions dans 37 pays, essentiellement en Afrique, mais aussi au Moyen Orient et en Asie centrale.<\/span><\/span><\/p>\n<p class=\"p1 c4\"><span class=\"c3\"><span class=\"c2\">Du reste c&rsquo;est en Afghanistan que l&rsquo;ONG a \u00e9t\u00e9 cr\u00e9\u00e9e et a r\u00e9alis\u00e9 sa premi\u00e8re op\u00e9ration en 1993.<\/span><\/span><\/p>\n<p class=\"p1 c4\"><span class=\"c3\"><span class=\"c2\">\u00ab\u00a0Nous \u0153uvrons sur le dernier kilom\u00e8tre de l\u2019action humanitaire\u00a0\u00bb, revendique Acted sur son site internet. Dans son rapport annuel elle se targue d&rsquo;avoir mis en \u0153uvre 419 projets et soutenu plus de 20 millions de personnes \u00e0 travers le monde en 2019. Pas moins de 6000 humanitaires sont engag\u00e9s \u00e0 ses c\u00f4t\u00e9s.<\/span><\/span><\/p>\n<p class=\"p1 c4\"><span class=\"c3\"><span class=\"c2\">Des zones tr\u00e8s dangereuses<\/span><\/span><\/p>\n<p class=\"p1 c4\"><span class=\"c3\"><span class=\"c2\">Acted est pr\u00e9sente au Niger depuis 2010<\/span><\/span><\/p>\n<p class=\"p1 c4\"><span class=\"c3\"><span class=\"c2\">et intervient dans trois r\u00e9gions : Diffa, Maradi et Tillab\u00e9ry. Pr\u00e8s de 160 personnes y sont employ\u00e9es. Diffa, pr\u00e8s du lac Tchad, \u00e0 la fronti\u00e8re du Nigeria, est au c\u0153ur d&rsquo;une r\u00e9gion o\u00f9 s\u00e9vit le groupe Boko Haram.<\/span><\/span><\/p>\n<p class=\"p1 c4\"><span class=\"c3\"><span class=\"c2\">Tillab\u00e9ry, au nord de Niamey, la capitale du Niger, est situ\u00e9e dans la zone dite des trois fronti\u00e8res, et subit les attaques des terroristes. 71 soldats nig\u00e9riens y ont \u00e9t\u00e9 tu\u00e9s en d\u00e9cembre 2019, lors d&rsquo;une attaque revendiqu\u00e9e par le groupe Etat islamiste, puis 89 autres lors d&rsquo;une nouvelle attaque en janvier 2020.<\/span><\/span><\/p>\n<p class=\"p1 c4\"><span class=\"c3\"><span class=\"c2\">Un million de personnes secourues au Niger<\/span><\/span><\/p>\n<p class=\"p1 c4\"><span class=\"c3\"><span class=\"c2\">Au Niger, Acted tente de r\u00e9pondre aux besoins des populations d\u00e9plac\u00e9es par les conflits, notamment \u00e0 Tillab\u00e9ry. Il s&rsquo;agit de fournir des abris de fortune et d&rsquo;assurer l&rsquo;acc\u00e8s \u00e0 l&rsquo;eau pour les r\u00e9fugi\u00e9s, mais aussi pour les populations h\u00f4tes.<\/span><\/span><\/p>\n<p class=\"p1 c4\"><span class=\"c3\"><span class=\"c2\">Au total, selon l&rsquo;ONG, Acted a secouru un million de personnes au Niger depuis 2010.<\/span><\/span><\/p>\n<p class=\"p1 c4\"><span class=\"c3\"><span class=\"c2\">Autant d&rsquo;actions qui en font une cible pour les terroristes de tous bords. Mais c&rsquo;est pourtant dans une zone r\u00e9put\u00e9e bien moins dangereuse, situ\u00e9e au sud de Niamey, que les humanitaires ont \u00e9t\u00e9 attaqu\u00e9s. Attaque pr\u00e9m\u00e9dit\u00e9e ou pas ? Nul ne le sait pour l&rsquo;heure.<\/span><\/span><\/p>\n<p class=\"p1 c4\"><span class=\"c3\"><span class=\"c2\">Sept de ses membres ont \u00e9t\u00e9 assassin\u00e9s ce dimanche 9 ao\u00fbt. Dans un bref communiqu\u00e9 l&rsquo;ONG rappelle que \u00ab\u00a0les humanitaires ne devraient jamais \u00eatre une cible\u00a0\u00bb. \u00ab\u00a0Nos coll\u00e8gues travaillaient pour soutenir les communaut\u00e9s nig\u00e9riennes en difficult\u00e9, motiv\u00e9s par les valeurs d\u2019humanit\u00e9 et de solidarit\u00e9.\u00a0\u00bb<\/span><\/span><\/p>\n<p>Auteur: letemps1<br \/>\n<a href=\"http:\/\/www.letemps.com.tn\/article\/116315\/drame-sans-pr%C3%A9c%C3%A9dent-pour-une-ong-fran%C3%A7aise\">Cliquez ici pour lire l&rsquo;article depuis sa source.<\/a><\/p>\n","protected":false},"excerpt":{"rendered":"<p>Acted a perdu sept de ses membres assassin\u00e9s lors d&rsquo;une attaque terroriste. Elle \u0153uvre dans les r\u00e9gions les plus dangereuses du pays. Acted est la seconde ONG de France derri\u00e8re M\u00e9decins sans Fronti\u00e8res. Elle m\u00e8ne actuellement des actions dans 37 pays, essentiellement en Afrique, mais aussi au Moyen Orient et en Asie centrale. Du reste [&hellip;]<\/p>\n","protected":false},"author":1773,"featured_media":0,"comment_status":"closed","ping_status":"closed","sticky":false,"template":"","format":"standard","meta":{"fifu_image_url":"","fifu_image_alt":"","footnotes":""},"categories":[73,55],"tags":[],"class_list":["post-95282","post","type-post","status-publish","format-standard","hentry","category-actualite","category-tunisie"],"_links":{"self":[{"href":"https:\/\/linitiative.ca\/International\/wp-json\/wp\/v2\/posts\/95282","targetHints":{"allow":["GET"]}}],"collection":[{"href":"https:\/\/linitiative.ca\/International\/wp-json\/wp\/v2\/posts"}],"about":[{"href":"https:\/\/linitiative.ca\/International\/wp-json\/wp\/v2\/types\/post"}],"author":[{"embeddable":true,"href":"https:\/\/linitiative.ca\/International\/wp-json\/wp\/v2\/users\/1773"}],"replies":[{"embeddable":true,"href":"https:\/\/linitiative.ca\/International\/wp-json\/wp\/v2\/comments?post=95282"}],"version-history":[{"count":0,"href":"https:\/\/linitiative.ca\/International\/wp-json\/wp\/v2\/posts\/95282\/revisions"}],"wp:attachment":[{"href":"https:\/\/linitiative.ca\/International\/wp-json\/wp\/v2\/media?parent=95282"}],"wp:term":[{"taxonomy":"category","embeddable":true,"href":"https:\/\/linitiative.ca\/International\/wp-json\/wp\/v2\/categories?post=95282"},{"taxonomy":"post_tag","embeddable":true,"href":"https:\/\/linitiative.ca\/International\/wp-json\/wp\/v2\/tags?post=95282"}],"curies":[{"name":"wp","href":"https:\/\/api.w.org\/{rel}","templated":true}]}}