{"id":95283,"date":"2020-08-11T11:30:00","date_gmt":"2020-08-11T15:30:00","guid":{"rendered":"https:\/\/linitiative.ca\/International\/le-monde-en-bref\/"},"modified":"2020-08-11T11:30:00","modified_gmt":"2020-08-11T15:30:00","slug":"le-monde-en-bref","status":"publish","type":"post","link":"https:\/\/linitiative.ca\/International\/le-monde-en-bref\/","title":{"rendered":"LE MONDE EN BREF&#8230;"},"content":{"rendered":"<p class=\"p1 c4\"><strong><span class=\"c3\"><span class=\"c2\">Alg\u00e9rie<span class=\"Apple-converted-space\">\u00a0<\/span><\/span><\/span><\/strong><\/p>\n<p class=\"p2 c5\"><strong><span class=\"c3\"><span class=\"c2\">Le journaliste Khaled Drareni condamn\u00e9 \u00e0 3 ans de prison<span class=\"Apple-converted-space\">\u00a0<\/span><\/span><\/span><\/strong><\/p>\n<p class=\"p3 c6\"><span class=\"c3\"><span class=\"c2\">Le journaliste alg\u00e9rien Khaled Drareni, en d\u00e9tention provisoire depuis la fin mars, a \u00e9t\u00e9 condamn\u00e9 hier \u00e0 trois ans de prison ferme, une peine tr\u00e8s s\u00e9v\u00e8re, a annonc\u00e9 \u00e0 l&rsquo;AFP Me Noureddine Benissad, un avocat de son collectif de d\u00e9fense.<\/span><\/span><\/p>\n<p class=\"p3 c6\"><span class=\"c3\"><span class=\"c2\">\u00ab\u00a0C&rsquo;est un verdict tr\u00e8s lourd pour Khaled Drareni. Trois ans ferme. On est surpris. Le dossier est vide\u00a0\u00bb, a d\u00e9clar\u00e9 l&rsquo;avocat aussi pr\u00e9sident de la Ligue alg\u00e9rienne des droits de l&rsquo;Homme (LADH). Ses deux co-accus\u00e9s, Samir Benlarbi et Slimane Hamitouche, deux figures du mouvement de contestation antir\u00e9gime \u00ab\u00a0Hirak\u00a0\u00bb, ont quant \u00e0 eux \u00e9t\u00e9 condamn\u00e9s chacun \u00e0 deux ans de prison, dont quatre mois ferme.<\/span><\/span><\/p>\n<p class=\"p3 c6\"><span class=\"c3\"><span class=\"c2\">Khaled Drareni est incarc\u00e9r\u00e9 depuis le 29 mars \u00e0 la prison de Kol\u00e9a. Le journaliste, correspondant de TV5 Monde et de Reporters sans fronti\u00e8res en Alg\u00e9rie, est poursuivi pour \u00ab\u00a0atteinte \u00e0 l\u2019int\u00e9grit\u00e9 du territoire national\u00a0\u00bb et \u00ab\u00a0incitation \u00e0 attroupement non arm\u00e9\u00a0\u00bb.<\/span><\/span><\/p>\n<p class=\"p4 c7\">\u00a0<\/p>\n<p class=\"p1 c4\"><strong><span class=\"c3\"><span class=\"c2\">France<\/span><\/span><\/strong><\/p>\n<p class=\"p2 c5\"><strong><span class=\"c3\"><span class=\"c2\">Enqu\u00eate sur l&rsquo;attaque au Niger<\/span><\/span><\/strong><\/p>\n<p class=\"p3 c6\"><span class=\"c3\"><span class=\"c2\">Le parquet national antiterroriste (PNAT) fran\u00e7ais a annonc\u00e9 hier l&rsquo;ouverture d&rsquo;une enqu\u00eate au lendemain de l&rsquo;attaque dans laquelle six Fran\u00e7ais et deux Nig\u00e9riens sont morts pr\u00e8s de Kour\u00e9, une ville situ\u00e9e \u00e0 une soixantaine de kilom\u00e8tres de Niamey, la capitale du Niger.<\/span><\/span><\/p>\n<p class=\"p3 c6\"><span class=\"c3\"><span class=\"c2\">Sept des victimes de cette attaque perp\u00e9tr\u00e9e par des hommes arm\u00e9s \u00e9taient des membres de l&rsquo;organisation non-gouvernementale Acted, la huiti\u00e8me \u00e9tant leur guide.<\/span><\/span><\/p>\n<p class=\"p3 c6\"><span class=\"c3\"><span class=\"c2\">\u00ab\u00a0Une enqu\u00eate a \u00e9t\u00e9 ouverte des chefs d&rsquo;assassinats en relation avec une entreprise terroriste et association de malfaiteurs terroriste criminelle\u00a0\u00bb, a-t-on appris lundi aupr\u00e8s du PNAT.<\/span><\/span><\/p>\n<p class=\"p3 c6\"><span class=\"c3\"><span class=\"c2\">L&rsquo;enqu\u00eate a \u00e9t\u00e9 confi\u00e9e \u00e0 la direction g\u00e9n\u00e9rale de la s\u00e9curit\u00e9 int\u00e9rieure (DGSI) et \u00e0 la sous-direction anti-terroriste (SDAT), pr\u00e9cise-t-on de m\u00eame source.<\/span><\/span><\/p>\n<p class=\"p3 c6\"><span class=\"c3\"><span class=\"c2\">Le chef de l&rsquo;Etat pr\u00e9side ce matin un conseil de d\u00e9fense destin\u00e9 \u00e0 faire le point sur les derni\u00e8res informations disponibles au sujet de cette attaque.<\/span><\/span><\/p>\n<p class=\"p4 c7\">\u00a0<\/p>\n<p class=\"p1 c4\"><strong><span class=\"c3\"><span class=\"c2\">Cor\u00e9e du Nord<span class=\"Apple-converted-space\">\u00a0<\/span><\/span><\/span><\/strong><\/p>\n<p class=\"p2 c5\"><strong><span class=\"c3\"><span class=\"c2\">La Croix-Rouge face au coronavirus et aux inondations<\/span><\/span><\/strong><\/p>\n<p class=\"p3 c6\"><span class=\"c3\"><span class=\"c2\">La Croix-Rouge a envoy\u00e9 plus de 43.000 volontaires en Cor\u00e9e du Nord, notamment dans la ville de Kaesong en confinement, afin de contribuer \u00e0 la lutte contre la pand\u00e9mie de coronavirus et de fournir de l&rsquo;aide face aux inondations survenues dans le pays, a d\u00e9clar\u00e9 lundi un repr\u00e9sentant de l&rsquo;organisation humanitaire.<\/span><\/span><\/p>\n<p class=\"p3 c6\"><span class=\"c3\"><span class=\"c2\">Le dirigeant nord-cor\u00e9en Kim Jong-un a d\u00e9clar\u00e9 le mois dernier l&rsquo;\u00e9tat d&rsquo;urgence et ordonn\u00e9 un confinement \u00e0 Kaesong, ville frontali\u00e8re avec la Cor\u00e9e du Sud, apr\u00e8s qu&rsquo;un individu revenu clandestinement dans le pays a pr\u00e9sent\u00e9 des sympt\u00f4mes du virus.<\/span><\/span><\/p>\n<p class=\"p3 c6\"><span class=\"c3\"><span class=\"c2\">En plus de la crise sanitaire, les fortes pr\u00e9cipitations et inondations survenues ces derniers jours ont aliment\u00e9 les inqui\u00e9tudes sur une possible p\u00e9nurie alimentaire dans le pays, isol\u00e9 sur la sc\u00e8ne internationale.<\/span><\/span><\/p>\n<p class=\"p3 c6\"><span class=\"c3\"><span class=\"c2\">Les volontaires portent assistance \u00e0 l&rsquo;ensemble des neuf provinces nord-cor\u00e9ennes pour \u00e9viter l&rsquo;apparition du virus et prot\u00e9ger la population des risques d&rsquo;inondations et glissements de terrain, a d\u00e9clar\u00e9 un porte-parole de la F\u00e9d\u00e9ration internationale des Soci\u00e9t\u00e9s de la Croix-Rouge et du Croissant-Rouge (IFRC).<\/span><\/span><\/p>\n<p class=\"p3 c6\"><span class=\"c3\"><span class=\"c2\">\u00ab\u00a0Des centaines d&rsquo;habitations ont \u00e9t\u00e9 endommag\u00e9es et de vastes rizi\u00e8res ont \u00e9t\u00e9 submerg\u00e9es (&#8230;)\u00a0\u00bb, a dit Antony Balmain.<\/span><\/span><\/p>\n<p>Auteur: letemps1<br \/>\n<a href=\"http:\/\/www.letemps.com.tn\/article\/116316\/le-monde-en-bref\">Cliquez ici pour lire l&rsquo;article depuis sa source.<\/a><\/p>\n","protected":false},"excerpt":{"rendered":"<p>Alg\u00e9rie\u00a0 Le journaliste Khaled Drareni condamn\u00e9 \u00e0 3 ans de prison\u00a0 Le journaliste alg\u00e9rien Khaled Drareni, en d\u00e9tention provisoire depuis la fin mars, a \u00e9t\u00e9 condamn\u00e9 hier \u00e0 trois ans de prison ferme, une peine tr\u00e8s s\u00e9v\u00e8re, a annonc\u00e9 \u00e0 l&rsquo;AFP Me Noureddine Benissad, un avocat de son collectif de d\u00e9fense. \u00ab\u00a0C&rsquo;est un verdict tr\u00e8s [&hellip;]<\/p>\n","protected":false},"author":1773,"featured_media":0,"comment_status":"closed","ping_status":"closed","sticky":false,"template":"","format":"standard","meta":{"fifu_image_url":"","fifu_image_alt":"","footnotes":""},"categories":[73,55],"tags":[],"class_list":["post-95283","post","type-post","status-publish","format-standard","hentry","category-actualite","category-tunisie"],"_links":{"self":[{"href":"https:\/\/linitiative.ca\/International\/wp-json\/wp\/v2\/posts\/95283","targetHints":{"allow":["GET"]}}],"collection":[{"href":"https:\/\/linitiative.ca\/International\/wp-json\/wp\/v2\/posts"}],"about":[{"href":"https:\/\/linitiative.ca\/International\/wp-json\/wp\/v2\/types\/post"}],"author":[{"embeddable":true,"href":"https:\/\/linitiative.ca\/International\/wp-json\/wp\/v2\/users\/1773"}],"replies":[{"embeddable":true,"href":"https:\/\/linitiative.ca\/International\/wp-json\/wp\/v2\/comments?post=95283"}],"version-history":[{"count":0,"href":"https:\/\/linitiative.ca\/International\/wp-json\/wp\/v2\/posts\/95283\/revisions"}],"wp:attachment":[{"href":"https:\/\/linitiative.ca\/International\/wp-json\/wp\/v2\/media?parent=95283"}],"wp:term":[{"taxonomy":"category","embeddable":true,"href":"https:\/\/linitiative.ca\/International\/wp-json\/wp\/v2\/categories?post=95283"},{"taxonomy":"post_tag","embeddable":true,"href":"https:\/\/linitiative.ca\/International\/wp-json\/wp\/v2\/tags?post=95283"}],"curies":[{"name":"wp","href":"https:\/\/api.w.org\/{rel}","templated":true}]}}