{"id":95293,"date":"2020-08-11T15:13:46","date_gmt":"2020-08-11T19:13:46","guid":{"rendered":"https:\/\/linitiative.ca\/International\/pros-besiktas-songe-a-bounedjah\/"},"modified":"2020-08-11T15:13:46","modified_gmt":"2020-08-11T19:13:46","slug":"pros-besiktas-songe-a-bounedjah","status":"publish","type":"post","link":"https:\/\/linitiative.ca\/International\/pros-besiktas-songe-a-bounedjah\/","title":{"rendered":"Pros : Besiktas songe \u00e0 Bounedjah"},"content":{"rendered":"<div readability=\"32\">\n<p>Auteur : <span>Riad O<\/span> <span class=\"time\">mardi 11 ao\u00fbt 2020 17:01<\/span><\/p>\n<\/div>\n<div id=\"post_core\" readability=\"38\">\n<p>Le club turc de Besikats serait tr\u00e8s int\u00e9ress\u00e9 par le recrutement de l\u2019attaquant Alg\u00e9rien d\u2019Al Sadd, Baghdad Bounedjah. Sous contrat avec son team jusqu\u2019en 2024, le joueur de l\u2019EN attire les convoitises des dirigeants turcs. Toutefois, il est peu probable de voir l\u2019enfant d\u2019Oran quitter Al Sadd cet \u00e9t\u00e9.<\/p>\n<p><strong>Publi\u00e9 dans :<\/strong> <span>Bounedjah<\/span><\/p>\n<\/div>\n<p>Auteur:<br \/>\n<a href=\"http:\/\/www.lebuteur.com\/article\/detail?titre=besiktas-songe-a-bounedjah&#038;id=96884&#038;utm_source=feedburner&#038;utm_medium=feed&#038;utm_campaign=Feed%3A+GalerieFArtciles+%28Les+derniers+articles++-+lebuteur.com%29\">Cliquez ici pour lire l&rsquo;article depuis sa source.<\/a><\/p>\n","protected":false},"excerpt":{"rendered":"<p>Auteur : Riad O mardi 11 ao\u00fbt 2020 17:01 Le club turc de Besikats serait tr\u00e8s int\u00e9ress\u00e9 par le recrutement de l\u2019attaquant Alg\u00e9rien d\u2019Al Sadd, Baghdad Bounedjah. Sous contrat avec son team jusqu\u2019en 2024, le joueur de l\u2019EN attire les convoitises des dirigeants turcs. Toutefois, il est peu probable de voir l\u2019enfant d\u2019Oran quitter Al [&hellip;]<\/p>\n","protected":false},"author":1738,"featured_media":95294,"comment_status":"closed","ping_status":"closed","sticky":false,"template":"","format":"standard","meta":{"fifu_image_url":"","fifu_image_alt":"","footnotes":""},"categories":[53,75],"tags":[],"class_list":["post-95293","post","type-post","status-publish","format-standard","has-post-thumbnail","hentry","category-algerie","category-sport"],"_links":{"self":[{"href":"https:\/\/linitiative.ca\/International\/wp-json\/wp\/v2\/posts\/95293","targetHints":{"allow":["GET"]}}],"collection":[{"href":"https:\/\/linitiative.ca\/International\/wp-json\/wp\/v2\/posts"}],"about":[{"href":"https:\/\/linitiative.ca\/International\/wp-json\/wp\/v2\/types\/post"}],"author":[{"embeddable":true,"href":"https:\/\/linitiative.ca\/International\/wp-json\/wp\/v2\/users\/1738"}],"replies":[{"embeddable":true,"href":"https:\/\/linitiative.ca\/International\/wp-json\/wp\/v2\/comments?post=95293"}],"version-history":[{"count":0,"href":"https:\/\/linitiative.ca\/International\/wp-json\/wp\/v2\/posts\/95293\/revisions"}],"wp:featuredmedia":[{"embeddable":true,"href":"https:\/\/linitiative.ca\/International\/wp-json\/"}],"wp:attachment":[{"href":"https:\/\/linitiative.ca\/International\/wp-json\/wp\/v2\/media?parent=95293"}],"wp:term":[{"taxonomy":"category","embeddable":true,"href":"https:\/\/linitiative.ca\/International\/wp-json\/wp\/v2\/categories?post=95293"},{"taxonomy":"post_tag","embeddable":true,"href":"https:\/\/linitiative.ca\/International\/wp-json\/wp\/v2\/tags?post=95293"}],"curies":[{"name":"wp","href":"https:\/\/api.w.org\/{rel}","templated":true}]}}