{"id":95331,"date":"2020-08-11T09:44:45","date_gmt":"2020-08-11T13:44:45","guid":{"rendered":"https:\/\/linitiative.ca\/International\/le-groupe-oulmes-se-renforce-en-profils-internationaux\/"},"modified":"2020-08-11T09:44:45","modified_gmt":"2020-08-11T13:44:45","slug":"le-groupe-oulmes-se-renforce-en-profils-internationaux","status":"publish","type":"post","link":"https:\/\/linitiative.ca\/International\/le-groupe-oulmes-se-renforce-en-profils-internationaux\/","title":{"rendered":"Le groupe Oulm\u00e8s se renforce en profils internationaux"},"content":{"rendered":"<p><strong>Miriem Bensalah Chaqroun a-t-elle d\u00e9cid\u00e9 de renforcer son \u00e9quipe par des profils internationaux \u00e9prouv\u00e9s\u00a0? \u00c0 voir les mouvements intervenus dans le top management de l\u2019entreprise, on est tent\u00e9 de r\u00e9pondre par l\u2019affirmative. Naoufel Jellal, ancien de Pepsi Co, fait partie de ces nouvelles recrues.<\/strong><\/p>\n<div class=\"c10\"\/>\n<p>La Vice-Pr\u00e9sidente Directeur g\u00e9n\u00e9ral des Eaux Min\u00e9rales d\u2019Oulm\u00e8s\u00a0 r\u00e9organise, en silence, son \u00e9tat major. C\u2019est le moins qu\u2019on puisse dire avec les mouvements constat\u00e9s dans son top management. On parle de d\u00e9parts, mais surtout d\u2019arriv\u00e9es. Avec les projets \u00e0 Oujda et au Burkina Faso, une \u00e9quipe r\u00e9am\u00e9nag\u00e9e et renforc\u00e9e par des profils internationaux ne serait pas de trop. Et le boycott am\u00e8rement v\u00e9cu en 2018 par ce leader du march\u00e9 de l\u2019eau min\u00e9rale n\u2019est certainement pas \u00e9tranger \u00e0 ces d\u00e9cisions.<\/p>\n<p><strong>Lire aussi | <a href=\"https:\/\/www.challenge.ma\/covid-19-le-ministere-de-linterieur-evalue-limpact-sur-les-ressources-humaines-des-collectivites-locales-152542\/\" target=\"_blank\" rel=\"noreferrer noopener\" aria-label=\" (opens in a new tab)\">Face au marasme \u00e9conomique, les Collectivit\u00e9s Territoriales appel\u00e9es \u00e0 se serrer la ceinture<\/a><\/strong><\/p>\n<p>Probable dernier en date \u00e0 avoir rejoint <a href=\"http:\/\/www.oulmes.ma\/\" target=\"_blank\" rel=\"noreferrer noopener\" aria-label=\"Les Eaux Min&#xE9;rales d&#x2019;Oulm&#xE8;s (opens in a new tab)\">Les Eaux Min\u00e9rales d\u2019Oulm\u00e8s<\/a> (LEMO), Naoufel Jellal est une t\u00eate qui a \u00e9t\u00e9 d\u00e9bauch\u00e9e de chez Pepsi Co Dubai. Celui qui y \u00e9tait encore il y a quelques mois General Manager, est d\u00e9sormais aux commandes de LEMO depuis avril dernier. Dans ses nouvelles fonctions, Naoufel Jellal est Directeur G\u00e9n\u00e9ral D\u00e9l\u00e9gu\u00e9. Et ce, apr\u00e8s plus de 16 ann\u00e9es pass\u00e9es au sein de Pepsi Co. \u00c0 Pepsi Co qu\u2019il a rejoint apr\u00e8s presque 3 ann\u00e9es chez Procter &amp; Gamble au d\u00e9but de sa carri\u00e8re, le jeune Manager a gravi les \u00e9chelons pour se hisser dans le top management de la multinationale am\u00e9ricaine, coiffant entre septembre 2018 et avril 2020 la \u00ab\u00a0Premier Partnership with Expo 2020 Dubai\u00a0\u00bb en tant que General Manager. Naoufel Jellal est un ancien de Al Akhawayn University et de Boston University Questrom School of Business (Fulbright Scholar).<\/p>\n<p><strong>Lire aussi | <a href=\"https:\/\/www.challenge.ma\/en-pleine-crise-du-covid-19-un-groupe-immobilier-belge-renforce-sa-presence-au-maroc-152591\/\">En pleine crise du Covid-19, un groupe immobilier belge renforce sa pr\u00e9sence au Maroc<\/a><\/strong><\/p>\n<p>Dans un autre registre, sa nomination fait suite \u00e0 la volont\u00e9 du groupe de nommer 2 nouveaux administrateurs ind\u00e9pendants par le groupe lors de son assembl\u00e9e g\u00e9n\u00e9rale ordinaire pr\u00e9vue au moment de l\u2019annonce au 27 avril 2020. L\u2019AGO devait ent\u00e9riner l\u2019arriv\u00e9e dans le Conseil d\u2019Administration de LEMO de Frannie A. Leautier et de Hamid Bouidar (un ancien dirigeant de SBM avant l\u2019\u00e8re Castel), pour une dur\u00e9e de 3 ans. Aux derni\u00e8res nouvelles, Frannie A. Leautier a \u00e9t\u00e9 nomm\u00e9e Associ\u00e9e principale de la banque SouthBridge, soci\u00e9t\u00e9 panafricaine de services financiers fond\u00e9e par Lionel Zinsou et Donald Kaberuka.<\/p>\n<div class=\"vw-sticky-sidebar-wrapper vw-sticky-sidebar widget_text awac-wrapper widget_text awac widget custom_html-4 textwidget custom-html-widget\">\n<p class=\"has-background c12\"><span class=\"widget-title c11\">Tribune et D\u00e9bats<\/span><\/p>\n<p>La tribune qui vous parle d\u2019une actu, d\u2019un sujet qui fait d\u00e9bat, les traitent et les analysent. \u00c9conomistes et autres experts, patrons d\u2019entreprises, d\u00e9cideurs, acteurs de la soci\u00e9t\u00e9 civile, s\u2019y prononcent et contribuent \u00e0 sa grande richesse. Vous avez votre opinion, convergente ou diff\u00e9rente. Exprimez-la et mesurez-vous ainsi \u00e0 nos tribuns et d\u00e9batteurs.<\/p>\n<p>Envoyez vos analyses \u00e0 : <a href=\"\/cdn-cgi\/l\/email-protection#096a66677d686a7d496a616865656c676e6c276468\"><span class=\"__cf_email__\" data-cfemail=\"a4c7cbcad0c5c7d0e4c7ccc5c8c8c1cac3c18ac9c5\">[email\u00a0protected]<\/span><\/a>, en pr\u00e9cisant votre nom, votre pr\u00e9nom et votre m\u00e9tier.<\/p>\n<\/div>\n<p>Auteur: Kwaku Senam<br \/>\n<a href=\"https:\/\/www.challenge.ma\/les-eaux-minerales-oulmes-se-renforce-en-profils-internationaux-152613\/\">Cliquez ici pour lire l&rsquo;article depuis sa source.<\/a><\/p>\n","protected":false},"excerpt":{"rendered":"<p>Miriem Bensalah Chaqroun a-t-elle d\u00e9cid\u00e9 de renforcer son \u00e9quipe par des profils internationaux \u00e9prouv\u00e9s\u00a0? \u00c0 voir les mouvements intervenus dans le top management de l\u2019entreprise, on est tent\u00e9 de r\u00e9pondre par l\u2019affirmative. Naoufel Jellal, ancien de Pepsi Co, fait partie de ces nouvelles recrues. La Vice-Pr\u00e9sidente Directeur g\u00e9n\u00e9ral des Eaux Min\u00e9rales d\u2019Oulm\u00e8s\u00a0 r\u00e9organise, en silence, [&hellip;]<\/p>\n","protected":false},"author":1787,"featured_media":0,"comment_status":"closed","ping_status":"closed","sticky":false,"template":"","format":"standard","meta":{"fifu_image_url":"","fifu_image_alt":"","footnotes":""},"categories":[78,54],"tags":[],"class_list":["post-95331","post","type-post","status-publish","format-standard","hentry","category-economie","category-maroc"],"_links":{"self":[{"href":"https:\/\/linitiative.ca\/International\/wp-json\/wp\/v2\/posts\/95331","targetHints":{"allow":["GET"]}}],"collection":[{"href":"https:\/\/linitiative.ca\/International\/wp-json\/wp\/v2\/posts"}],"about":[{"href":"https:\/\/linitiative.ca\/International\/wp-json\/wp\/v2\/types\/post"}],"author":[{"embeddable":true,"href":"https:\/\/linitiative.ca\/International\/wp-json\/wp\/v2\/users\/1787"}],"replies":[{"embeddable":true,"href":"https:\/\/linitiative.ca\/International\/wp-json\/wp\/v2\/comments?post=95331"}],"version-history":[{"count":0,"href":"https:\/\/linitiative.ca\/International\/wp-json\/wp\/v2\/posts\/95331\/revisions"}],"wp:attachment":[{"href":"https:\/\/linitiative.ca\/International\/wp-json\/wp\/v2\/media?parent=95331"}],"wp:term":[{"taxonomy":"category","embeddable":true,"href":"https:\/\/linitiative.ca\/International\/wp-json\/wp\/v2\/categories?post=95331"},{"taxonomy":"post_tag","embeddable":true,"href":"https:\/\/linitiative.ca\/International\/wp-json\/wp\/v2\/tags?post=95331"}],"curies":[{"name":"wp","href":"https:\/\/api.w.org\/{rel}","templated":true}]}}