{"id":95362,"date":"2020-08-11T05:38:45","date_gmt":"2020-08-11T09:38:45","guid":{"rendered":"https:\/\/linitiative.ca\/International\/import-export-le-port-de-kribi-et-le-ministere-de-lagriculture-signent-une-convention-sur-les-produits-agricoles\/"},"modified":"2020-08-11T05:38:45","modified_gmt":"2020-08-11T09:38:45","slug":"import-export-le-port-de-kribi-et-le-ministere-de-lagriculture-signent-une-convention-sur-les-produits-agricoles","status":"publish","type":"post","link":"https:\/\/linitiative.ca\/International\/import-export-le-port-de-kribi-et-le-ministere-de-lagriculture-signent-une-convention-sur-les-produits-agricoles\/","title":{"rendered":"Import\/Export: le Port  de Kribi et le minist\u00e8re de l\u2019Agriculture signent une convention sur les produits agricoles"},"content":{"rendered":"<p>Alors que la deuxi\u00e8me phase des travaux d\u2019am\u00e9nagement du complexe industrialo-portuaire de Kribi battent leur plein, l\u2019autorit\u00e9 portuaire poursuit son action de promotion et d\u2019expansion des premiers acquis du gigantesque site. Le Port autonome de Kribi (PAK) et le ministre de l\u2019Agriculture et du D\u00e9veloppement rural (Minader), deux\u00a0partenaires dont les objectifs sont diam\u00e9tralement oppos\u00e9s. Pourtant strat\u00e9giques. Ces deux institutions ont en effet parachever la plateforme de\u00a0mutualisation des efforts pour\u00a0la mise en \u0153uvre des proc\u00e9dures de facilitation des\u00a0importations des outils et intrants agricoles et \u00a0l\u2019exportation des produits issus de l\u2019agriculture camerounaise dont la production d\u2019exportation reste vari\u00e9e.\u00a0<\/p>\n<p>L\u2019accord pr\u00e9voit \u00e0 charge pour le Minader, un accompagnement du PAK dans la mise \u0153uvre des actions de mutualisation sp\u00e9cifi\u00e9es dans l\u2019article 3 de la convention. Ce d\u00e9partement minist\u00e9riel a \u00e9galement souscrit \u00e0 l\u2019ex\u00e9cution effective par ses services techniques positionn\u00e9s au Port de Kribi, des contingences particuli\u00e8res pr\u00e9vues par le r\u00e8glement du commerce ext\u00e9rieur. Par ailleurs, le Minader envisage promouvoir et valoriser les axes de partenariat issus de la convention. Ce, par le biais des canaux de communication.\u00a0<\/p>\n<p><strong>Lire aussi<\/strong> : \u00a0<a href=\"https:\/\/ecomatin.net\/agropastoral-pcp-acefa-144-millions-aux-agriculteurs-du-moungo-et-du-nkam\/\">Les agriculteurs<\/a> <a href=\"https:\/\/ecomatin.net\/agropastoral-pcp-acefa-144-millions-aux-agriculteurs-du-moungo-et-du-nkam\/\">du Moungo et du Nkam re\u00e7oivent 144 millions<\/a><\/p>\n<p>Le PAK s\u2019engage, apr\u00e8s accord des parties, \u00e0 int\u00e9grer les axes de la convention sign\u00e9e dans le Pasek entendu Programme d\u2019accompagnement socio-\u00e9conomique de Kribi. Le cahier de charges de l\u2019institution portuaire pr\u00e9voit \u00e9galement la \u00a0promotion et la valorisation des produits agricoles du terroir \u00e0 travers ses plateformes de communication. En outre, le PAK promet un accompagnement du Minader dans la mise en \u0153uvre des actions de mutualisation inscrites dans l\u2019article 3 de l\u2019accord-cadre, \u00abdans les limites de son objet social\u00bb.\u00a0<\/p>\n<p>Apr\u00e8s signature de cette convention qui porte sur 3 ans, renouvelable par tacite reconduction, la d\u00e9l\u00e9gation constitu\u00e9e, entre autres, de Gabriel Mbairobe, le ministre de l\u2019Agriculture et du D\u00e9veloppement rural\u00a0; de Patrice Melom, le Directeur g\u00e9n\u00e9ral du Port autonome de Kribi\u00a0; ou de la repr\u00e9sentante r\u00e9sidente du Fonds des Nations unies pour la population au Cameroun (Fnuap), a proc\u00e9d\u00e9 \u00e0 une visite des installations portuaires de Mboro, le site de la Socapalm et de la coop\u00e9rative de Mbebe Center, un des b\u00e9n\u00e9ficiaires des retomb\u00e9es de la convention-cadre entre le Minader et le Pak. Etendu sur une superficie de 2 hectares \u00e0 50 kilom\u00e8tres de Kribi, Mbebe Center abrite un \u00e9cosyst\u00e8me pionnier dot\u00e9 d\u2019un champ semencier \u00e0 vitro-plants de bananiers plantains d\u2019Afrique centrale. A terme, le centre envisage am\u00e9liorer ses activit\u00e9s par l\u2019implantation d\u2019une ombri\u00e8re en toile de 1000 m2.\u00a0<\/p>\n<p>Dans le cadre de son expansion et sa diversification, le partenariat a aussi pour objectif connexe l\u2019acc\u00e9l\u00e9ration de la mise en \u0153uvre \u00a0de la phase 2 du programme \u00abCeinture agricole\u00bb d\u2019un budget de 5 milliards de FCFA, bouclant le complexe industrialo-portuaire de Kribi. Ce grand projet rural de la cit\u00e9 baln\u00e9aire permettra non seulement le d\u00e9veloppement d\u2019un vaste p\u00f4le agricole, mettra fin \u00e0 la d\u00e9pendance alimentaire de la zone, s\u00e9curisera les acquis alimentaires, mais aussi, de participer aux exportations agricoles du Cameroun. Pour concr\u00e9tiser efficacement l\u2019accord-cadre, un comit\u00e9 de suivi a \u00e9t\u00e9 mis en place : \u00ab\u00a0<em>il tiendra une fois tous les deux ans une r\u00e9union d\u2019\u00e9valuation p\u00e9riode des axes de partenariat et des r\u00e9sultats atteints. L\u2019\u00e9valuation p\u00e9riodique permettra d\u2019appr\u00e9cier l\u2019opportunit\u00e9 de la poursuite de la coop\u00e9ration, de la r\u00e9orientation \u00a0du partenariat, de la mise en place d\u2019accords sp\u00e9cifiques en associant, au besoin d\u2019autres organismes\u00a0<\/em>\u00bb, s\u2019est exprim\u00e9 Patrice Melom.<\/p>\n<p><strong>Lire aussi<\/strong> : \u00a0<a href=\"https:\/\/ecomatin.net\/made-in-cameroun-la-socaspiscam-se-lance-le-defi-de-la-transformation-du-manioc\/\">Made in Cameroon\u00a0: la Socaspiscam se lance le d\u00e9fi de la transformation du manioc<\/a><\/p>\n<div class=\"awac-wrapper awac widget posts-list-widget-11\">\n<h4 class=\"widget-title\">Le plus r\u00e9cent<\/h4>\n<\/div>\n<p>Auteur: Eco Matin<br \/>\n<a href=\"https:\/\/ecomatin.net\/import-export-le-port-de-kribi-et-le-ministere-de-lagriculture-signent-une-convention-sur-les-produits-agricoles\/\">Cliquez ici pour lire l&rsquo;article depuis sa source.<\/a><\/p>\n","protected":false},"excerpt":{"rendered":"<p>Alors que la deuxi\u00e8me phase des travaux d\u2019am\u00e9nagement du complexe industrialo-portuaire de Kribi battent leur plein, l\u2019autorit\u00e9 portuaire poursuit son action de promotion et d\u2019expansion des premiers acquis du gigantesque site. Le Port autonome de Kribi (PAK) et le ministre de l\u2019Agriculture et du D\u00e9veloppement rural (Minader), deux\u00a0partenaires dont les objectifs sont diam\u00e9tralement oppos\u00e9s. Pourtant [&hellip;]<\/p>\n","protected":false},"author":1969,"featured_media":0,"comment_status":"closed","ping_status":"closed","sticky":false,"template":"","format":"standard","meta":{"fifu_image_url":"","fifu_image_alt":"","footnotes":""},"categories":[82,78],"tags":[],"class_list":["post-95362","post","type-post","status-publish","format-standard","hentry","category-cameroun","category-economie"],"_links":{"self":[{"href":"https:\/\/linitiative.ca\/International\/wp-json\/wp\/v2\/posts\/95362","targetHints":{"allow":["GET"]}}],"collection":[{"href":"https:\/\/linitiative.ca\/International\/wp-json\/wp\/v2\/posts"}],"about":[{"href":"https:\/\/linitiative.ca\/International\/wp-json\/wp\/v2\/types\/post"}],"author":[{"embeddable":true,"href":"https:\/\/linitiative.ca\/International\/wp-json\/wp\/v2\/users\/1969"}],"replies":[{"embeddable":true,"href":"https:\/\/linitiative.ca\/International\/wp-json\/wp\/v2\/comments?post=95362"}],"version-history":[{"count":0,"href":"https:\/\/linitiative.ca\/International\/wp-json\/wp\/v2\/posts\/95362\/revisions"}],"wp:attachment":[{"href":"https:\/\/linitiative.ca\/International\/wp-json\/wp\/v2\/media?parent=95362"}],"wp:term":[{"taxonomy":"category","embeddable":true,"href":"https:\/\/linitiative.ca\/International\/wp-json\/wp\/v2\/categories?post=95362"},{"taxonomy":"post_tag","embeddable":true,"href":"https:\/\/linitiative.ca\/International\/wp-json\/wp\/v2\/tags?post=95362"}],"curies":[{"name":"wp","href":"https:\/\/api.w.org\/{rel}","templated":true}]}}