{"id":95418,"date":"2020-08-12T15:13:44","date_gmt":"2020-08-12T19:13:44","guid":{"rendered":"https:\/\/linitiative.ca\/International\/pros-betis-seville-du-nouveau-dans-le-dossier-mandi\/"},"modified":"2020-08-12T15:13:44","modified_gmt":"2020-08-12T19:13:44","slug":"pros-betis-seville-du-nouveau-dans-le-dossier-mandi","status":"publish","type":"post","link":"https:\/\/linitiative.ca\/International\/pros-betis-seville-du-nouveau-dans-le-dossier-mandi\/","title":{"rendered":"Pros : B\u00e9tis S\u00e9ville: Du nouveau dans le dossier Mandi"},"content":{"rendered":"<div readability=\"32\">\n<p>Auteur : <span>Riad O<\/span> <span class=\"time\">mercredi 12 ao\u00fbt 2020 13:26<\/span><\/p>\n<\/div>\n<div id=\"post_core\" readability=\"43\">\n<p>Annonc\u00e9 avec insistance sur le d\u00e9part, Aissa Mandi pourrait, finalement, rester au Real B\u00e9tis. En effet, et selon le m\u00e9dia espagnol, Estadio Deportivo, les responsables du club andalou auraient propos\u00e9 une prolongation de contrat \u00e0 Mandi jusqu\u2019en 2024. Rappelons que Mandi \u00e9tait annonc\u00e9, ces derniers jours, en partance vers Liverpool.<\/p>\n<p><strong>Publi\u00e9 dans :<\/strong> <span>Mandi<\/span><\/p>\n<\/div>\n<p>Auteur:<br \/>\n<a href=\"http:\/\/www.lebuteur.com\/article\/detail?titre=betis-seville-du-nouveau-dans-le-dossier-mandi&#038;id=96893&#038;utm_source=feedburner&#038;utm_medium=feed&#038;utm_campaign=Feed%3A+GalerieFArtciles+%28Les+derniers+articles++-+lebuteur.com%29\">Cliquez ici pour lire l&rsquo;article depuis sa source.<\/a><\/p>\n","protected":false},"excerpt":{"rendered":"<p>Auteur : Riad O mercredi 12 ao\u00fbt 2020 13:26 Annonc\u00e9 avec insistance sur le d\u00e9part, Aissa Mandi pourrait, finalement, rester au Real B\u00e9tis. En effet, et selon le m\u00e9dia espagnol, Estadio Deportivo, les responsables du club andalou auraient propos\u00e9 une prolongation de contrat \u00e0 Mandi jusqu\u2019en 2024. Rappelons que Mandi \u00e9tait annonc\u00e9, ces derniers jours, [&hellip;]<\/p>\n","protected":false},"author":1738,"featured_media":95419,"comment_status":"closed","ping_status":"closed","sticky":false,"template":"","format":"standard","meta":{"fifu_image_url":"","fifu_image_alt":"","footnotes":""},"categories":[53,75],"tags":[],"class_list":["post-95418","post","type-post","status-publish","format-standard","has-post-thumbnail","hentry","category-algerie","category-sport"],"_links":{"self":[{"href":"https:\/\/linitiative.ca\/International\/wp-json\/wp\/v2\/posts\/95418","targetHints":{"allow":["GET"]}}],"collection":[{"href":"https:\/\/linitiative.ca\/International\/wp-json\/wp\/v2\/posts"}],"about":[{"href":"https:\/\/linitiative.ca\/International\/wp-json\/wp\/v2\/types\/post"}],"author":[{"embeddable":true,"href":"https:\/\/linitiative.ca\/International\/wp-json\/wp\/v2\/users\/1738"}],"replies":[{"embeddable":true,"href":"https:\/\/linitiative.ca\/International\/wp-json\/wp\/v2\/comments?post=95418"}],"version-history":[{"count":0,"href":"https:\/\/linitiative.ca\/International\/wp-json\/wp\/v2\/posts\/95418\/revisions"}],"wp:featuredmedia":[{"embeddable":true,"href":"https:\/\/linitiative.ca\/International\/wp-json\/"}],"wp:attachment":[{"href":"https:\/\/linitiative.ca\/International\/wp-json\/wp\/v2\/media?parent=95418"}],"wp:term":[{"taxonomy":"category","embeddable":true,"href":"https:\/\/linitiative.ca\/International\/wp-json\/wp\/v2\/categories?post=95418"},{"taxonomy":"post_tag","embeddable":true,"href":"https:\/\/linitiative.ca\/International\/wp-json\/wp\/v2\/tags?post=95418"}],"curies":[{"name":"wp","href":"https:\/\/api.w.org\/{rel}","templated":true}]}}