{"id":95420,"date":"2020-08-12T15:13:46","date_gmt":"2020-08-12T19:13:46","guid":{"rendered":"https:\/\/linitiative.ca\/International\/pros-rennes-rafik-guitane-prete-sans-option-dachat\/"},"modified":"2020-08-12T15:13:46","modified_gmt":"2020-08-12T19:13:46","slug":"pros-rennes-rafik-guitane-prete-sans-option-dachat","status":"publish","type":"post","link":"https:\/\/linitiative.ca\/International\/pros-rennes-rafik-guitane-prete-sans-option-dachat\/","title":{"rendered":"Pros : Rennes : Rafik Guitane pr\u00eat\u00e9 sans option d&rsquo;achat"},"content":{"rendered":"<div readability=\"32\">\n<p>Auteur : <span class=\"time\">mercredi 12 ao\u00fbt 2020 14:50<\/span><\/p>\n<\/div>\n<div id=\"post_core\" readability=\"38\">\n<p>Selon Maxifoot, n&rsquo;\u00e9tant pas parvenu depuis son arriv\u00e9e, il y a deux ans, le milieu offensif est pr\u00eat\u00e9 sans option d&rsquo;achat toute la saison au sein du club portugais du Maritimo Funchal.<\/p>\n<p><strong>Publi\u00e9 dans :<\/strong> <span>Stade Rennais<\/span> <span>Guitane<\/span><\/p>\n<\/div>\n<p>Auteur:<br \/>\n<a href=\"http:\/\/www.lebuteur.com\/article\/detail?titre=rennes-rafik-guitane-prete-sans-option-dachat&#038;id=96894&#038;utm_source=feedburner&#038;utm_medium=feed&#038;utm_campaign=Feed%3A+GalerieFArtciles+%28Les+derniers+articles++-+lebuteur.com%29\">Cliquez ici pour lire l&rsquo;article depuis sa source.<\/a><\/p>\n","protected":false},"excerpt":{"rendered":"<p>Auteur : mercredi 12 ao\u00fbt 2020 14:50 Selon Maxifoot, n&rsquo;\u00e9tant pas parvenu depuis son arriv\u00e9e, il y a deux ans, le milieu offensif est pr\u00eat\u00e9 sans option d&rsquo;achat toute la saison au sein du club portugais du Maritimo Funchal. Publi\u00e9 dans : Stade Rennais Guitane Auteur: Cliquez ici pour lire l&rsquo;article depuis sa source.<\/p>\n","protected":false},"author":1738,"featured_media":95421,"comment_status":"closed","ping_status":"closed","sticky":false,"template":"","format":"standard","meta":{"fifu_image_url":"","fifu_image_alt":"","footnotes":""},"categories":[53,75],"tags":[],"class_list":["post-95420","post","type-post","status-publish","format-standard","has-post-thumbnail","hentry","category-algerie","category-sport"],"_links":{"self":[{"href":"https:\/\/linitiative.ca\/International\/wp-json\/wp\/v2\/posts\/95420","targetHints":{"allow":["GET"]}}],"collection":[{"href":"https:\/\/linitiative.ca\/International\/wp-json\/wp\/v2\/posts"}],"about":[{"href":"https:\/\/linitiative.ca\/International\/wp-json\/wp\/v2\/types\/post"}],"author":[{"embeddable":true,"href":"https:\/\/linitiative.ca\/International\/wp-json\/wp\/v2\/users\/1738"}],"replies":[{"embeddable":true,"href":"https:\/\/linitiative.ca\/International\/wp-json\/wp\/v2\/comments?post=95420"}],"version-history":[{"count":0,"href":"https:\/\/linitiative.ca\/International\/wp-json\/wp\/v2\/posts\/95420\/revisions"}],"wp:featuredmedia":[{"embeddable":true,"href":"https:\/\/linitiative.ca\/International\/wp-json\/"}],"wp:attachment":[{"href":"https:\/\/linitiative.ca\/International\/wp-json\/wp\/v2\/media?parent=95420"}],"wp:term":[{"taxonomy":"category","embeddable":true,"href":"https:\/\/linitiative.ca\/International\/wp-json\/wp\/v2\/categories?post=95420"},{"taxonomy":"post_tag","embeddable":true,"href":"https:\/\/linitiative.ca\/International\/wp-json\/wp\/v2\/tags?post=95420"}],"curies":[{"name":"wp","href":"https:\/\/api.w.org\/{rel}","templated":true}]}}