{"id":95431,"date":"2020-08-11T17:37:44","date_gmt":"2020-08-11T21:37:44","guid":{"rendered":"https:\/\/linitiative.ca\/International\/108501-le-premier-centre-algerien-de-developpement-de-la-jeunesse-inaugure-a-ain-benian\/"},"modified":"2020-08-11T17:37:44","modified_gmt":"2020-08-11T21:37:44","slug":"108501-le-premier-centre-algerien-de-developpement-de-la-jeunesse-inaugure-a-ain-benian","status":"publish","type":"post","link":"https:\/\/linitiative.ca\/International\/108501-le-premier-centre-algerien-de-developpement-de-la-jeunesse-inaugure-a-ain-benian\/","title":{"rendered":"Inauguration du 1e Centre alg\u00e9rien de d\u00e9veloppement de la jeunesse \u00e0 A\u00efn Benian"},"content":{"rendered":"<div readability=\"34\">\n<p><strong>ALGER -Le ministre de la Jeunesse et des Sports Sid Ali Khaldi a inaugur\u00e9 mardi \u00e0 la maison de jeunes d\u2019A\u00efn Benian (w. d&rsquo;Alger) le premier Centre alg\u00e9rien de d\u00e9veloppement d\u00e9di\u00e9 \u00e0 la jeunesse.<\/strong><\/p>\n<\/div>\n<div readability=\"76.285223367698\">\n<p>Il a indiqu\u00e9,, \u00e0 l&rsquo;occasion de la Journ\u00e9e internationale de la jeunesse (12 ao\u00fbt), que ce projet \u00ab\u00a0incarne le partenariat entre son secteur et les associations de jeunes, lequel couvre la gestion collaborative des maisons de jeunes, le forum num\u00e9rique de la jeunesse alg\u00e9rienne et une s\u00e9rie de consultations avec cette frange de la soci\u00e9t\u00e9 et les associations supervis\u00e9es par le minist\u00e8re, avec pour objectif d\u2019associer les jeunes \u00e0 l\u2019\u00e9laboration et \u00e0 la mise en \u0153uvre du Plan national de la jeunesse\u00a0\u00bb.<\/p>\n<p>Ce nouveau centre qui se veut un \u00ab\u00a0p\u00f4le pilote\u00a0\u00bb vise \u00e0 \u00ab\u00a0former et accompagner\u00a0\u00bb les jeunes et les associations de jeunes et \u00e0 \u00ab\u00a0renforcer leurs capacit\u00e9s en les associant \u00e0 la vie publique\u00a0\u00bb, a-t-il ajout\u00e9.<\/p>\n<p>Il constitue \u00e9galement \u00ab\u00a0une force de proposition et un laboratoire d\u2019id\u00e9es, d\u2019initiatives et de projets de jeunes pour la mise en \u0153uvre des politiques publiques concernant la jeunesse\u00a0\u00bb, a soutenu M. Khaldi.<\/p>\n<blockquote readability=\"10\">\n<p><em><strong>Il a rappel\u00e9 que \u00ab\u00a0l\u2019Alg\u00e9rie, de par son exp\u00e9rience dans le domaine de la jeunesse, montre son engagement en faveur du Programme des Nations Unies pour la jeunesse visant \u00e0 permettre aux jeunes de participer \u00e0 la vie publique \u00e0 travers des politiques publiques d\u00e9mocratiques et durables contribuant \u00e0 la consolidation de la relation entre les jeunes et les institutions \u00e9tatiques\u00a0\u00bb.<\/strong><\/em><\/p>\n<\/blockquote>\n<p>De son c\u00f4t\u00e9, le responsable de l\u2019information de ce Centre, Mohamed Amine Zellag, a pr\u00e9cis\u00e9 que cet \u00e9tablissement \u00ab\u00a0d\u00e9di\u00e9 au d\u00e9veloppement de la jeunesse vise \u00e0 identifier et \u00e0 promouvoir les initiatives des jeunes et des organisations de la soci\u00e9t\u00e9 civile\u00a0\u00bb.<\/p>\n<hr\/>\n<p><strong>Lire aussi:<\/strong>\u00a0<a href=\"https:\/\/41.110.185.2\/proxy\/7c8b1e96\/http\/www.aps.dz\/sport\/98263-prise-en-charge-des-jeunes-necessite-d-adopter-une-strategie-aux-dimensions-globales\">Prise en charge des jeunes: n\u00e9cessit\u00e9 d&rsquo;adopter une strat\u00e9gie aux \u00ab\u00a0dimensions globales\u00a0\u00bb<\/a><\/p>\n<hr\/>\n<p>Il s\u2019emploiera \u00e0 enrichir les discussions sur la jeunesse en Alg\u00e9rie et \u00e0 former et appuyer les jeunes et leurs organisations associatives et soutiendra le minist\u00e8re de la Jeunesse et des Sports dans la mise en \u0153uvre du Plan national consacr\u00e9 \u00e0 cette frange de la soci\u00e9t\u00e9, a-t-il expliqu\u00e9.<\/p>\n<blockquote readability=\"8\">\n<p><em><strong>Le centre comprend quatre p\u00f4les pr\u00e9voyant des animations de jeunes, des programmes ouverts et diversifi\u00e9s en faveur des jeunes suivant une approche audiovisuelle et la formation et l\u2019accompagnement dans la gestion de l\u2019action associative.<\/strong><\/em><\/p>\n<\/blockquote>\n<p>Il compte \u00e9galement le p\u00f4le scientifique qui se veut \u00ab\u00a0un laboratoire d&rsquo;id\u00e9es innovantes et de recherche visant \u00e0 renforcer la participation des jeunes \u00e0 la promotion de la d\u00e9mocratie participative locale par l\u2019\u00e9laboration d\u2019\u00e9tudes et de rapports de diagnostic sur les questions de jeunes \u00e0 soumettre \u00e0 la tutelle avec la participation d&rsquo;experts\u00a0\u00bb.<\/p>\n<\/div>\n<p>Auteur:<br \/>\n<a href=\"http:\/\/www.aps.dz\/sport\/108501-le-premier-centre-algerien-de-developpement-de-la-jeunesse-inaugure-a-ain-benian?utm_source=feedburner&#038;utm_medium=feed&#038;utm_campaign=Feed%3A+aps-sport+%28APS+-+SPORT%29\">Cliquez ici pour lire l&rsquo;article depuis sa source.<\/a><\/p>\n","protected":false},"excerpt":{"rendered":"<p>ALGER -Le ministre de la Jeunesse et des Sports Sid Ali Khaldi a inaugur\u00e9 mardi \u00e0 la maison de jeunes d\u2019A\u00efn Benian (w. d&rsquo;Alger) le premier Centre alg\u00e9rien de d\u00e9veloppement d\u00e9di\u00e9 \u00e0 la jeunesse. Il a indiqu\u00e9,, \u00e0 l&rsquo;occasion de la Journ\u00e9e internationale de la jeunesse (12 ao\u00fbt), que ce projet \u00ab\u00a0incarne le partenariat entre [&hellip;]<\/p>\n","protected":false},"author":1790,"featured_media":0,"comment_status":"closed","ping_status":"closed","sticky":false,"template":"","format":"standard","meta":{"fifu_image_url":"","fifu_image_alt":"","footnotes":""},"categories":[53,75],"tags":[],"class_list":["post-95431","post","type-post","status-publish","format-standard","hentry","category-algerie","category-sport"],"_links":{"self":[{"href":"https:\/\/linitiative.ca\/International\/wp-json\/wp\/v2\/posts\/95431","targetHints":{"allow":["GET"]}}],"collection":[{"href":"https:\/\/linitiative.ca\/International\/wp-json\/wp\/v2\/posts"}],"about":[{"href":"https:\/\/linitiative.ca\/International\/wp-json\/wp\/v2\/types\/post"}],"author":[{"embeddable":true,"href":"https:\/\/linitiative.ca\/International\/wp-json\/wp\/v2\/users\/1790"}],"replies":[{"embeddable":true,"href":"https:\/\/linitiative.ca\/International\/wp-json\/wp\/v2\/comments?post=95431"}],"version-history":[{"count":0,"href":"https:\/\/linitiative.ca\/International\/wp-json\/wp\/v2\/posts\/95431\/revisions"}],"wp:attachment":[{"href":"https:\/\/linitiative.ca\/International\/wp-json\/wp\/v2\/media?parent=95431"}],"wp:term":[{"taxonomy":"category","embeddable":true,"href":"https:\/\/linitiative.ca\/International\/wp-json\/wp\/v2\/categories?post=95431"},{"taxonomy":"post_tag","embeddable":true,"href":"https:\/\/linitiative.ca\/International\/wp-json\/wp\/v2\/tags?post=95431"}],"curies":[{"name":"wp","href":"https:\/\/api.w.org\/{rel}","templated":true}]}}