{"id":95435,"date":"2020-08-12T11:46:00","date_gmt":"2020-08-12T15:46:00","guid":{"rendered":"https:\/\/linitiative.ca\/International\/oran-visite-inopinee-du-wali-a-lhopital-hai-nedjma\/"},"modified":"2020-08-12T11:46:00","modified_gmt":"2020-08-12T15:46:00","slug":"oran-visite-inopinee-du-wali-a-lhopital-hai-nedjma","status":"publish","type":"post","link":"https:\/\/linitiative.ca\/International\/oran-visite-inopinee-du-wali-a-lhopital-hai-nedjma\/","title":{"rendered":"ORAN : Visite inopin\u00e9e du wali \u00e0 l\u2019h\u00f4pital Ha\u00ef Nedjma"},"content":{"rendered":"<p><br id=\"sep_para_1\" class=\"sep_para access\"\/><\/p>\n<div id=\"para_1\" class=\"para_38232742 resize\">\n<div class=\"texte access firstletter\">Pour faire face \u00e0 une \u00e9ventuelle hausse du nombre de contamination de cette \u00e9pid\u00e9mie, les autorit\u00e9s locales de la wilaya d\u2019Oran ont d\u00e9cid\u00e9 de renforcer de 50 lits la capacit\u00e9 d\u2019accueil du service destin\u00e9 \u00e0 la prise en charge des patients atteints du Covid-19 \u00e0 l\u2019h\u00f4pital de Ha\u00ef Nejma (ex Chteibou), selon la d\u00e9claration du\u00a0 wali,\u00a0 lors de cette visite inopin\u00e9e \u00e0 certains \u00e9tablissements hospitaliers. Le chef de l&rsquo;ex\u00e9cutif en compagnie d&rsquo;une importante d\u00e9l\u00e9gation a ensuite effectu\u00e9, d\u2019autres visites inopin\u00e9es aux services sanitaires r\u00e9quisitionn\u00e9s pour la prise en charge des personnes atteintes du coronavirus, et ce, au niveau de plusieurs \u00e9tablissements hospitaliers, a indiqu\u00e9, hier, une source bien inform\u00e9e au niveau de la wilaya d\u2019Oran. \u00ab Dans le cadre du suivi de la situation sanitaire au niveau de la wilaya d\u2019Oran, un certain nombre de mesures ont \u00e9t\u00e9 prises par les autorit\u00e9s locales pour optimiser la prise en charge des personnes atteintes du covid-19, et \u00e9galement dans le but d\u2019all\u00e9ger la pression sur les \u00e9tablissements hospitaliers qui connaissent un afflux important de personnes touch\u00e9es par l\u2019\u00e9pid\u00e9mie \u00bb, a indiqu\u00e9 la m\u00eame source o\u00f9\u00a0 50 lits suppl\u00e9mentaires ont \u00e9t\u00e9 ajout\u00e9s aux 120 d\u00e9j\u00e0 r\u00e9quisitionn\u00e9s pour la prise en charge des cas de Covid-19\u00a0 \u00e0 l\u2019h\u00f4pital de Ha\u00ef Nejma de 240 lits, et ce, d\u00e8s la semaine prochaine. Donc\u00a0 170 lits sont d\u00e9sormais disponibles pour la prise en charge des cas de covid-19 au niveau de ce nouvel h\u00f4pital. Notons que cet \u00e9tablissement sanitaire figurait dans le programme de la visite du wali d\u2019Oran qui a supervis\u00e9 les conditions de prise en charge des citoyens infect\u00e9s par l\u2019\u00e9pid\u00e9mie, depuis leur arriv\u00e9e et leur inscription, passant par tous les examens m\u00e9dicaux auxquels ils sont soumis jusqu\u2019\u00e0 leur prise en charge au niveau de cet \u00e9tablissement hospitalier, qui remplit toutes les conditions n\u00e9cessaires pour l\u2019hospitalisation de ces personnes et dispose de tous les moyens mat\u00e9riels et humains. Il est utile de souligner que cet h\u00f4pital r\u00e9cemment r\u00e9ceptionn\u00e9 a \u00e9t\u00e9 mis \u00e0 la disposition de l\u2019EHU (\u00e9tablissement hospitalo-universitaire 1e novembre 1954, afin d\u2019all\u00e9ger la pression enregistr\u00e9e sur cet \u00e9tablissement qui conna\u00eet une affluence croissante de personnes atteintes du coronavirus. Des personnels m\u00e9dicaux et param\u00e9dicaux, ont \u00e9t\u00e9 \u00e9galement affect\u00e9s \u00e0 cet h\u00f4pital et tout le mat\u00e9riel pharmaceutique et parapharmaceutique n\u00e9cessaire a \u00e9t\u00e9 mis \u00e0 la disposition de ces \u00e9quipes de professionnels de la sant\u00e9 pour une meilleure prise en charge des patients, selon les pr\u00e9cisions de la m\u00eame source. Dans le m\u00eame contexte, il a \u00e9t\u00e9 annonc\u00e9 que les pr\u00e9paratifs sont en cours pour \u00e9quiper le nouvel h\u00f4pital de Gdyel qui sera prochainement inaugur\u00e9. Cet \u00e9tablissement d\u2019une capacit\u00e9 d\u2019accueil de 240 lits, sera \u00e0 son tour mis \u00e0 la disposition du centre hospitalo-universitaire, Dr Benzedjeb CHUO), dans le cadre d\u2019une prise en charge des personnes atteintes du Covid-19, et ce, dans le but d\u2019all\u00e9ger la pression enregistr\u00e9e au niveau de cet \u00e9tablissement sanitaire qui accueille les 60% des cas depuis le d\u00e9but de la pand\u00e9mie en mars dernier.<\/div>\n<\/div>\n<p>Auteur: Medjadji H<br \/>\n<a href=\"https:\/\/www.reflexiondz.net\/ORAN-Visite-inopinee-du-wali-a-l-hopital-Hai-Nedjma_a64608.html\">Cliquez ici pour lire l&rsquo;article depuis sa source.<\/a><\/p>\n","protected":false},"excerpt":{"rendered":"<p>Pour faire face \u00e0 une \u00e9ventuelle hausse du nombre de contamination de cette \u00e9pid\u00e9mie, les autorit\u00e9s locales de la wilaya d\u2019Oran ont d\u00e9cid\u00e9 de renforcer de 50 lits la capacit\u00e9 d\u2019accueil du service destin\u00e9 \u00e0 la prise en charge des patients atteints du Covid-19 \u00e0 l\u2019h\u00f4pital de Ha\u00ef Nejma (ex Chteibou), selon la d\u00e9claration du\u00a0 [&hellip;]<\/p>\n","protected":false},"author":1740,"featured_media":0,"comment_status":"closed","ping_status":"closed","sticky":false,"template":"","format":"standard","meta":{"fifu_image_url":"","fifu_image_alt":"","footnotes":""},"categories":[53,76],"tags":[],"class_list":["post-95435","post","type-post","status-publish","format-standard","hentry","category-algerie","category-regions"],"_links":{"self":[{"href":"https:\/\/linitiative.ca\/International\/wp-json\/wp\/v2\/posts\/95435","targetHints":{"allow":["GET"]}}],"collection":[{"href":"https:\/\/linitiative.ca\/International\/wp-json\/wp\/v2\/posts"}],"about":[{"href":"https:\/\/linitiative.ca\/International\/wp-json\/wp\/v2\/types\/post"}],"author":[{"embeddable":true,"href":"https:\/\/linitiative.ca\/International\/wp-json\/wp\/v2\/users\/1740"}],"replies":[{"embeddable":true,"href":"https:\/\/linitiative.ca\/International\/wp-json\/wp\/v2\/comments?post=95435"}],"version-history":[{"count":0,"href":"https:\/\/linitiative.ca\/International\/wp-json\/wp\/v2\/posts\/95435\/revisions"}],"wp:attachment":[{"href":"https:\/\/linitiative.ca\/International\/wp-json\/wp\/v2\/media?parent=95435"}],"wp:term":[{"taxonomy":"category","embeddable":true,"href":"https:\/\/linitiative.ca\/International\/wp-json\/wp\/v2\/categories?post=95435"},{"taxonomy":"post_tag","embeddable":true,"href":"https:\/\/linitiative.ca\/International\/wp-json\/wp\/v2\/tags?post=95435"}],"curies":[{"name":"wp","href":"https:\/\/api.w.org\/{rel}","templated":true}]}}