{"id":95437,"date":"2020-08-12T11:46:00","date_gmt":"2020-08-12T15:46:00","guid":{"rendered":"https:\/\/linitiative.ca\/International\/le-proces-de-baha-eddine-tliba-reporte\/"},"modified":"2020-08-12T11:46:00","modified_gmt":"2020-08-12T15:46:00","slug":"le-proces-de-baha-eddine-tliba-reporte","status":"publish","type":"post","link":"https:\/\/linitiative.ca\/International\/le-proces-de-baha-eddine-tliba-reporte\/","title":{"rendered":"Le proc\u00e8s de Baha Eddine  Tliba report\u00e9"},"content":{"rendered":"<p><br id=\"sep_para_1\" class=\"sep_para access\"\/><\/p>\n<div id=\"para_1\" class=\"para_38232806 resize\">\n<div class=\"texte access firstletter\">Le proc\u00e8s de l&rsquo;ancien d\u00e9put\u00e9 Baha Eddine Tliba a \u00e9t\u00e9 report\u00e9 mercredi au tribunal de Sidi M\u2019hamed d&rsquo;Alger au 2 septembre prochain, en raison de l&rsquo;absence de t\u00e9moins, selon une\u00a0 source judiciaire. Baha Eddine Tliba qui a \u00e9t\u00e9 plac\u00e9 sous mandat de d\u00e9p\u00f4t \u00e0 la prison d&rsquo;El Harrach en octobre 2019, est accus\u00e9 notamment de \u00ab\u00a0blanchiment d&rsquo;argent et financement occulte de partis politiques\u00a0\u00bb et \u00ab\u00a0achat de voix lors des \u00e9lections l\u00e9gislatives de 2017\u00a0\u00bb. En septembre 2019, l&rsquo;Assembl\u00e9e populaire nationale (APN) avait vot\u00e9, lors d&rsquo;une s\u00e9ance \u00e0 huis clos, la lev\u00e9e de l&rsquo;immunit\u00e9 parlementaire de Baha Eddine Tliba, suite \u00e0 une demande du ministre de la Justice, garde des Sceaux.<\/div>\n<\/div>\n<p>Auteur: R\u00e9flexion<br \/>\n<a href=\"https:\/\/www.reflexiondz.net\/Le-proces-de-Baha-Eddine-Tliba-reporte_a64626.html\">Cliquez ici pour lire l&rsquo;article depuis sa source.<\/a><\/p>\n","protected":false},"excerpt":{"rendered":"<p>Le proc\u00e8s de l&rsquo;ancien d\u00e9put\u00e9 Baha Eddine Tliba a \u00e9t\u00e9 report\u00e9 mercredi au tribunal de Sidi M\u2019hamed d&rsquo;Alger au 2 septembre prochain, en raison de l&rsquo;absence de t\u00e9moins, selon une\u00a0 source judiciaire. Baha Eddine Tliba qui a \u00e9t\u00e9 plac\u00e9 sous mandat de d\u00e9p\u00f4t \u00e0 la prison d&rsquo;El Harrach en octobre 2019, est accus\u00e9 notamment de [&hellip;]<\/p>\n","protected":false},"author":1740,"featured_media":0,"comment_status":"closed","ping_status":"closed","sticky":false,"template":"","format":"standard","meta":{"fifu_image_url":"","fifu_image_alt":"","footnotes":""},"categories":[53,76],"tags":[],"class_list":["post-95437","post","type-post","status-publish","format-standard","hentry","category-algerie","category-regions"],"_links":{"self":[{"href":"https:\/\/linitiative.ca\/International\/wp-json\/wp\/v2\/posts\/95437","targetHints":{"allow":["GET"]}}],"collection":[{"href":"https:\/\/linitiative.ca\/International\/wp-json\/wp\/v2\/posts"}],"about":[{"href":"https:\/\/linitiative.ca\/International\/wp-json\/wp\/v2\/types\/post"}],"author":[{"embeddable":true,"href":"https:\/\/linitiative.ca\/International\/wp-json\/wp\/v2\/users\/1740"}],"replies":[{"embeddable":true,"href":"https:\/\/linitiative.ca\/International\/wp-json\/wp\/v2\/comments?post=95437"}],"version-history":[{"count":0,"href":"https:\/\/linitiative.ca\/International\/wp-json\/wp\/v2\/posts\/95437\/revisions"}],"wp:attachment":[{"href":"https:\/\/linitiative.ca\/International\/wp-json\/wp\/v2\/media?parent=95437"}],"wp:term":[{"taxonomy":"category","embeddable":true,"href":"https:\/\/linitiative.ca\/International\/wp-json\/wp\/v2\/categories?post=95437"},{"taxonomy":"post_tag","embeddable":true,"href":"https:\/\/linitiative.ca\/International\/wp-json\/wp\/v2\/tags?post=95437"}],"curies":[{"name":"wp","href":"https:\/\/api.w.org\/{rel}","templated":true}]}}