{"id":95438,"date":"2020-08-12T11:46:00","date_gmt":"2020-08-12T15:46:00","guid":{"rendered":"https:\/\/linitiative.ca\/International\/confinement-a-tebessa-reamenagement-des-horaires-pour-6-communes\/"},"modified":"2020-08-12T11:46:00","modified_gmt":"2020-08-12T15:46:00","slug":"confinement-a-tebessa-reamenagement-des-horaires-pour-6-communes","status":"publish","type":"post","link":"https:\/\/linitiative.ca\/International\/confinement-a-tebessa-reamenagement-des-horaires-pour-6-communes\/","title":{"rendered":"CONFINEMENT A TEBESSA : R\u00e9am\u00e9nagement des horaires  pour 6 communes"},"content":{"rendered":"<p><br id=\"sep_para_1\" class=\"sep_para access\"\/><\/p>\n<div id=\"para_1\" class=\"para_38232789 resize\">\n<div class=\"texte access firstletter\">Le minist\u00e8re de l&rsquo;Int\u00e9rieur, des Collectivit\u00e9s locales et de l&rsquo;Am\u00e9nagement du territoire a annonc\u00e9, mercredi dans un communiqu\u00e9, le r\u00e9am\u00e9nagement des horaires du confinement partiel \u00e0 domicile dans six (06) communes de la wilaya de T\u00e9bessa, de 20h00 \u00e0 05h00 et ce, pour une dur\u00e9e de 15 jours, \u00e0 compter de demain, jeudi. \u00ab\u00a0Compte tenu de l&rsquo;\u00e9volution de la situation \u00e9pid\u00e9miologique, le minist\u00e8re de l&rsquo;Int\u00e9rieur, des Collectivit\u00e9s locales et de l&rsquo;Am\u00e9nagement du territoire tient \u00e0 informer l&rsquo;ensemble des citoyens, et apr\u00e8s accord des autorit\u00e9s publiques comp\u00e9tentes, il a \u00e9t\u00e9 proc\u00e9d\u00e9 au r\u00e9am\u00e9nagement des horaires du confinement partiel de 20h00 \u00e0 05h00 et ce, pour une dur\u00e9e de 15 jours, \u00e0 compter de demain, jeudi. Cette mesure concerne les communes suivantes: T\u00e9bessa, Cheria, El Ogla, Bir el Ater, Ouenza et El Aouinet\u00a0\u00bb, note le communiqu\u00e9. Ce confinement partiel impliquera pour les communes suscit\u00e9es un arr\u00eat total de l\u2019ensemble des activit\u00e9s commerciales, \u00e9conomiques et sociales y compris la suspension du transport des voyageurs et la circulation des v\u00e9hicules, conclut la source.<\/div>\n<\/div>\n<p>Auteur: Ismain<br \/>\n<a href=\"https:\/\/www.reflexiondz.net\/CONFINEMENT-A-TEBESSA-Reamenagement-des-horaires-pour-6-communes_a64621.html\">Cliquez ici pour lire l&rsquo;article depuis sa source.<\/a><\/p>\n","protected":false},"excerpt":{"rendered":"<p>Le minist\u00e8re de l&rsquo;Int\u00e9rieur, des Collectivit\u00e9s locales et de l&rsquo;Am\u00e9nagement du territoire a annonc\u00e9, mercredi dans un communiqu\u00e9, le r\u00e9am\u00e9nagement des horaires du confinement partiel \u00e0 domicile dans six (06) communes de la wilaya de T\u00e9bessa, de 20h00 \u00e0 05h00 et ce, pour une dur\u00e9e de 15 jours, \u00e0 compter de demain, jeudi. \u00ab\u00a0Compte tenu [&hellip;]<\/p>\n","protected":false},"author":1740,"featured_media":0,"comment_status":"closed","ping_status":"closed","sticky":false,"template":"","format":"standard","meta":{"fifu_image_url":"","fifu_image_alt":"","footnotes":""},"categories":[53,76],"tags":[],"class_list":["post-95438","post","type-post","status-publish","format-standard","hentry","category-algerie","category-regions"],"_links":{"self":[{"href":"https:\/\/linitiative.ca\/International\/wp-json\/wp\/v2\/posts\/95438","targetHints":{"allow":["GET"]}}],"collection":[{"href":"https:\/\/linitiative.ca\/International\/wp-json\/wp\/v2\/posts"}],"about":[{"href":"https:\/\/linitiative.ca\/International\/wp-json\/wp\/v2\/types\/post"}],"author":[{"embeddable":true,"href":"https:\/\/linitiative.ca\/International\/wp-json\/wp\/v2\/users\/1740"}],"replies":[{"embeddable":true,"href":"https:\/\/linitiative.ca\/International\/wp-json\/wp\/v2\/comments?post=95438"}],"version-history":[{"count":0,"href":"https:\/\/linitiative.ca\/International\/wp-json\/wp\/v2\/posts\/95438\/revisions"}],"wp:attachment":[{"href":"https:\/\/linitiative.ca\/International\/wp-json\/wp\/v2\/media?parent=95438"}],"wp:term":[{"taxonomy":"category","embeddable":true,"href":"https:\/\/linitiative.ca\/International\/wp-json\/wp\/v2\/categories?post=95438"},{"taxonomy":"post_tag","embeddable":true,"href":"https:\/\/linitiative.ca\/International\/wp-json\/wp\/v2\/tags?post=95438"}],"curies":[{"name":"wp","href":"https:\/\/api.w.org\/{rel}","templated":true}]}}