{"id":95439,"date":"2020-08-12T11:46:00","date_gmt":"2020-08-12T15:46:00","guid":{"rendered":"https:\/\/linitiative.ca\/International\/bechar-saisie-de-60-000-paquets-de-tabacs-a-chiquer\/"},"modified":"2020-08-12T11:46:00","modified_gmt":"2020-08-12T15:46:00","slug":"bechar-saisie-de-60-000-paquets-de-tabacs-a-chiquer","status":"publish","type":"post","link":"https:\/\/linitiative.ca\/International\/bechar-saisie-de-60-000-paquets-de-tabacs-a-chiquer\/","title":{"rendered":"BECHAR   : Saisie de 60 000 paquets de tabacs \u00e0 chiquer"},"content":{"rendered":"<p><br id=\"sep_para_1\" class=\"sep_para access\"\/><\/p>\n<div id=\"para_1\" class=\"para_38232724 resize\">\n<div class=\"texte access firstletter\">La 2\u00e8me brigade mobile de la police judiciaire relevant de la s\u00fbret\u00e9 de wilaya de B\u00e9char, 2\u00e8me BMPJ, vient de saisir une importante quantit\u00e9 de tabac \u00e0 chiquer que trois individus stockaient en vue de la revendre au march\u00e9 noir. Selon le communiqu\u00e9 de la cellule de communication et des relations g\u00e9n\u00e9rales relevant de la s\u00fbret\u00e9 de wilaya de B\u00e9char, c&rsquo;est suite \u00e0 l\u2019exploitation d\u2019un renseignement que les \u00e9l\u00e9ments de la 2\u00e8me BMPJ ont op\u00e9r\u00e9 une perquisition mandat\u00e9e du local indiqu\u00e9. Ils y saisirent 60 000 paquets de tabac \u00e0 chiquer de diff\u00e9rentes marques sans factures et destin\u00e9s \u00e0 la vente au march\u00e9 noir apr\u00e8s cr\u00e9ation de p\u00e9nurie. Il est \u00e0 signaler qu\u2019\u00e0 B\u00e9char, le monopole des cigarettes et du tabac \u00e0 chiquer est d\u00e9tenu par un groupe qui d\u00e9cide de faire monter ou de faire descendre les prix sans aucun contr\u00f4le de la part qui que ce soit. Les trois mis en cause dans cette affaire ont \u00e9t\u00e9 pr\u00e9sent\u00e9s par devant le procureur de la R\u00e9publique pr\u00e8s le tribunal de B\u00e9char.\u00a0\u00a0\u00a0\u00a0\u00a0\u00a0\u00a0\u00a0\u00a0\u00a0\u00a0\u00a0\u00a0\u00a0\u00a0\u00a0\u00a0<\/div>\n<\/div>\n<p>Auteur: Ahmed Messaoud<br \/>\n<a href=\"https:\/\/www.reflexiondz.net\/BECHAR-Saisie-de-60-000-paquets-de-tabacs-a-chiquer_a64607.html\">Cliquez ici pour lire l&rsquo;article depuis sa source.<\/a><\/p>\n","protected":false},"excerpt":{"rendered":"<p>La 2\u00e8me brigade mobile de la police judiciaire relevant de la s\u00fbret\u00e9 de wilaya de B\u00e9char, 2\u00e8me BMPJ, vient de saisir une importante quantit\u00e9 de tabac \u00e0 chiquer que trois individus stockaient en vue de la revendre au march\u00e9 noir. Selon le communiqu\u00e9 de la cellule de communication et des relations g\u00e9n\u00e9rales relevant de la [&hellip;]<\/p>\n","protected":false},"author":1740,"featured_media":0,"comment_status":"closed","ping_status":"closed","sticky":false,"template":"","format":"standard","meta":{"fifu_image_url":"","fifu_image_alt":"","footnotes":""},"categories":[53,76],"tags":[],"class_list":["post-95439","post","type-post","status-publish","format-standard","hentry","category-algerie","category-regions"],"_links":{"self":[{"href":"https:\/\/linitiative.ca\/International\/wp-json\/wp\/v2\/posts\/95439","targetHints":{"allow":["GET"]}}],"collection":[{"href":"https:\/\/linitiative.ca\/International\/wp-json\/wp\/v2\/posts"}],"about":[{"href":"https:\/\/linitiative.ca\/International\/wp-json\/wp\/v2\/types\/post"}],"author":[{"embeddable":true,"href":"https:\/\/linitiative.ca\/International\/wp-json\/wp\/v2\/users\/1740"}],"replies":[{"embeddable":true,"href":"https:\/\/linitiative.ca\/International\/wp-json\/wp\/v2\/comments?post=95439"}],"version-history":[{"count":0,"href":"https:\/\/linitiative.ca\/International\/wp-json\/wp\/v2\/posts\/95439\/revisions"}],"wp:attachment":[{"href":"https:\/\/linitiative.ca\/International\/wp-json\/wp\/v2\/media?parent=95439"}],"wp:term":[{"taxonomy":"category","embeddable":true,"href":"https:\/\/linitiative.ca\/International\/wp-json\/wp\/v2\/categories?post=95439"},{"taxonomy":"post_tag","embeddable":true,"href":"https:\/\/linitiative.ca\/International\/wp-json\/wp\/v2\/tags?post=95439"}],"curies":[{"name":"wp","href":"https:\/\/api.w.org\/{rel}","templated":true}]}}