{"id":95494,"date":"2020-08-13T10:08:11","date_gmt":"2020-08-13T14:08:11","guid":{"rendered":"https:\/\/linitiative.ca\/International\/ram-les-vols-speciaux-vers-et-depuis-la-france-reprennent\/"},"modified":"2020-08-13T10:08:11","modified_gmt":"2020-08-13T14:08:11","slug":"ram-les-vols-speciaux-vers-et-depuis-la-france-reprennent","status":"publish","type":"post","link":"https:\/\/linitiative.ca\/International\/ram-les-vols-speciaux-vers-et-depuis-la-france-reprennent\/","title":{"rendered":"RAM: Les vols sp\u00e9ciaux vers et depuis la France reprennent"},"content":{"rendered":"<header>\n<\/header>\n<div class=\"entry-content clearfix\" readability=\"49\"><img decoding=\"async\" class=\"post_layout_5_img\" src=\"http:\/\/aujourdhui.ma\/wp-content\/uploads\/2019\/06\/RAM-Royal-air-Maroc.jpg\" alt=\"RAM: Les vols sp&#xE9;ciaux vers et depuis la France reprennent\"\/><\/p>\n<p><span class=\"c5\"><strong>Bonne nouvelle pour les clients de Royal Air Maroc. La compagnie op\u00e9rera \u00e0 partir de ce vendredi 14 ao\u00fbt ses vols sur la France et ce dans les deux sens.<\/strong><\/span> <span id=\"more-353155\"\/><\/p>\n<p>Ainsi, les clients en possession de billets au d\u00e9part du Maroc vers la France et au d\u00e9part de la France vers le Maroc pourront emprunter ces vols selon les conditions impos\u00e9es par les autorit\u00e9s. Il est \u00e0 rappeler que la compagnie avait, depuis quelques jours, r\u00e9it\u00e9r\u00e9 ses engagements de transporter sa client\u00e8le entre la France et le Maroc, mettant ainsi fin aux fausses informations qui circulaient sur les r\u00e9seaux sociaux.<\/p>\n<p>Notons que les vols au d\u00e9part du Maroc vers la France, qui \u00e9tait programm\u00e9s entre le 3 et le 10 ao\u00fbt, ont \u00e9t\u00e9 effectu\u00e9s par Air France et ce dans le cadre d\u2019un partenariat conclu entre le transporteur a\u00e9rien fran\u00e7ais et Royal Air Maroc. Les clients ayant emprunt\u00e9 ces vols ont pu modifier leurs billets vers Air France sans frais.<\/p>\n<\/div>\n<p>Auteur: ALM<br \/>\n<a href=\"https:\/\/aujourdhui.ma\/economie\/ram-les-vols-speciaux-vers-et-depuis-la-france-reprennent\">Cliquez ici pour lire l&rsquo;article depuis sa source.<\/a><\/p>\n","protected":false},"excerpt":{"rendered":"<p>Bonne nouvelle pour les clients de Royal Air Maroc. La compagnie op\u00e9rera \u00e0 partir de ce vendredi 14 ao\u00fbt ses vols sur la France et ce dans les deux sens. Ainsi, les clients en possession de billets au d\u00e9part du Maroc vers la France et au d\u00e9part de la France vers le Maroc pourront emprunter [&hellip;]<\/p>\n","protected":false},"author":1759,"featured_media":95495,"comment_status":"closed","ping_status":"closed","sticky":false,"template":"","format":"standard","meta":{"fifu_image_url":"","fifu_image_alt":"","footnotes":""},"categories":[73,54],"tags":[],"class_list":["post-95494","post","type-post","status-publish","format-standard","has-post-thumbnail","hentry","category-actualite","category-maroc"],"_links":{"self":[{"href":"https:\/\/linitiative.ca\/International\/wp-json\/wp\/v2\/posts\/95494","targetHints":{"allow":["GET"]}}],"collection":[{"href":"https:\/\/linitiative.ca\/International\/wp-json\/wp\/v2\/posts"}],"about":[{"href":"https:\/\/linitiative.ca\/International\/wp-json\/wp\/v2\/types\/post"}],"author":[{"embeddable":true,"href":"https:\/\/linitiative.ca\/International\/wp-json\/wp\/v2\/users\/1759"}],"replies":[{"embeddable":true,"href":"https:\/\/linitiative.ca\/International\/wp-json\/wp\/v2\/comments?post=95494"}],"version-history":[{"count":0,"href":"https:\/\/linitiative.ca\/International\/wp-json\/wp\/v2\/posts\/95494\/revisions"}],"wp:featuredmedia":[{"embeddable":true,"href":"https:\/\/linitiative.ca\/International\/wp-json\/"}],"wp:attachment":[{"href":"https:\/\/linitiative.ca\/International\/wp-json\/wp\/v2\/media?parent=95494"}],"wp:term":[{"taxonomy":"category","embeddable":true,"href":"https:\/\/linitiative.ca\/International\/wp-json\/wp\/v2\/categories?post=95494"},{"taxonomy":"post_tag","embeddable":true,"href":"https:\/\/linitiative.ca\/International\/wp-json\/wp\/v2\/tags?post=95494"}],"curies":[{"name":"wp","href":"https:\/\/api.w.org\/{rel}","templated":true}]}}