{"id":95506,"date":"2020-08-13T10:44:45","date_gmt":"2020-08-13T14:44:45","guid":{"rendered":"https:\/\/linitiative.ca\/International\/%ef%bb%bfla-tension-monte-autour-des-conges-dete\/"},"modified":"2020-08-13T10:44:45","modified_gmt":"2020-08-13T14:44:45","slug":"%ef%bb%bfla-tension-monte-autour-des-conges-dete","status":"publish","type":"post","link":"https:\/\/linitiative.ca\/International\/%ef%bb%bfla-tension-monte-autour-des-conges-dete\/","title":{"rendered":"\ufeffLa tension monte autour des cong\u00e9s d\u2019\u00e9t\u00e9"},"content":{"rendered":"<p class=\"has-text-color has-vivid-red-color c2\"><strong>Corps m\u00e9dical<\/strong><\/p>\n<p class=\"has-text-color c3\"><strong>Le ministre de la sant\u00e9, Khalid Ait Taleb aurait-il revenu sur sa d\u00e9cision, celle de l\u2019annulation des cong\u00e9s du corps m\u00e9dial\u00a0? Pour le moment, rien n\u2019est officiel. Cependant, selon des sources, le chef du d\u00e9partement de tutelle aurait donn\u00e9 ses instructions aux directeurs r\u00e9gionaux de la sant\u00e9 pour faciliter les cong\u00e9s annuels. Une d\u00e9cision prise apparemment sous la pression exerc\u00e9e par les organisations syndicales.<\/strong><\/p>\n<p>En fait, la grogne monte d\u2019un cran chez le corps m\u00e9dical. En fait, les actes de protestations qui ont eu lieu ces derniers jours et ce suite \u00e0 l\u2019appel de la F\u00e9d\u00e9ration nationale de la sant\u00e9, relevant de la Centrale syndicale\u00a0 l\u2019UMT, nous renseignent amplement sur le climat tendu r\u00e9gnant au sein du secteur de la Sant\u00e9. Rien que pour la journ\u00e9e de mardi 11 ao\u00fbt, environ 51 sit-ins ont \u00e9t\u00e9 organis\u00e9es devant l\u2019ensemble des structures hospitali\u00e8res avec la participation des centaines de femmes et d\u2019hommes repr\u00e9sentant le personnel de la sant\u00e9, affirment nos sources.<\/p>\n<p>Il faut dire que cette action contestataire survient apr\u00e8s que\u00a0 le syndicat a boycott\u00e9 le dialogue social qui s\u2019est d\u00e9roul\u00e9 le 4 ao\u00fbt courant et initi\u00e9 par le minist\u00e8re de la Sant\u00e9.<\/p>\n<p>Les motifs qui ont pouss\u00e9 les responsables syndicaux \u00e0 prendre une telle d\u00e9cision, consiste \u00e0 ce que le chef de d\u00e9partement de tutelle aurait vouloir absorber la col\u00e8re du personnel de la sant\u00e9, en voulant en r\u00e9alit\u00e9 imposer un dialogue dont les outputs ont \u00e9t\u00e9 d\u00e9j\u00e0 fix\u00e9s au pr\u00e9alable. \u00abOn ne peut point parler d\u2019un dialogue s\u00e9rieux alors que le ministre veut dicter sa vision des choses\u00bb, souligne \u00e0 Al Bayane, Rahal El Housseini, Vice-secr\u00e9taire g\u00e9n\u00e9ral de la F\u00e9d\u00e9ration nationale de la Sant\u00e9.<\/p>\n<p><strong>Gestion optimale de l\u2019effectif<\/strong><\/p>\n<p>D\u2019ailleurs, a-t-il ajout\u00e9,\u00a0\u00able ministre actuel depuis son installation en octobre 2019 a pr\u00e9f\u00e9r\u00e9 se recroqueviller sur lui-m\u00eame au lieu d\u2019inscrire son action dans une d\u00e9marche participative. Il a fallu attendre que les contestations se multiplient pour qu\u2019il nous convoque \u00e0 un dialogue\u00bb. Abondant dans le m\u00eame ordre d\u2019id\u00e9es, le responsable syndical d\u00e9clare que son organisation d\u00e9plore les primes d\u00e9risoires que le ministre voulait octroyer aux infirmiers et m\u00e9decins qui travaillent directement dans les unit\u00e9s de soin de la Covid-19.<\/p>\n<p>Et de pr\u00e9ciser que \u00abl\u2019un des points l\u00e9gitimes contenu dans le dossier revendicatif porte sur la g\u00e9n\u00e9ralisation de la prime exceptionnelle \u00e0 toutes les cat\u00e9gories professionnelles qui sont tous au front de la bataille et ce sans exception\u00bb, \u00ab\u00e9tant donn\u00e9 que l\u2019acte m\u00e9dical est un processus collectif\u00bb, a-t-il martel\u00e9.<\/p>\n<p>Argument \u00e0 l\u2019appui, Rahal El Housseini fait savoir que depuis le d\u00e9clenchement de la crise pand\u00e9mique 400 personnes du corps de la sant\u00e9 \u00e9t\u00e9 contamin\u00e9es par la Covid-19 dont 200 sont actuellement sous traitement m\u00e9dical comprenant des personnes qui ne travaillent pas directement dans les structures de traitement de la Covid-19.<\/p>\n<p>Autre point soulign\u00e9 par Rahal El Housseini, \u00abcelui de l\u2019annulation du cong\u00e9 de tout le personnel\u00bb, sachant, a-t-il expliqu\u00e9 que parmi les recommandations des deuxi\u00e8mes assises nationales de la sant\u00e9 qui se sont d\u00e9roul\u00e9es en 2013, figure la n\u00e9cessit\u00e9 de reconnaitre la sp\u00e9cificit\u00e9 du secteur.<\/p>\n<p>Comme quoi, la gestion de la crise sanitaire requiert la mise en place d\u2019une gestion intelligente des ressources humaines\u00a0 en vue de les \u00e9pargner du risque de la contamination et pr\u00e9server le moral de tous. Cela \u00e9tant, une d\u00e9cision en bonne et due forme devrait en principe obliger le cong\u00e9 \u00e0 une partie du personnel afin de permettre une gestion optimale de l\u2019ensemble de l\u2019effectif, a-t-il conclu.<\/p>\n<p class=\"c4\"><strong>Khalid Darfaf<\/strong><\/p>\n<p>Auteur: M&rsquo;hammed rahal<br \/>\n<a href=\"http:\/\/albayane.press.ma\/%EF%BB%BFla-tension-monte-autour-des-conges-dete.html\">Cliquez ici pour lire l&rsquo;article depuis sa source.<\/a><\/p>\n","protected":false},"excerpt":{"rendered":"<p>Corps m\u00e9dical Le ministre de la sant\u00e9, Khalid Ait Taleb aurait-il revenu sur sa d\u00e9cision, celle de l\u2019annulation des cong\u00e9s du corps m\u00e9dial\u00a0? Pour le moment, rien n\u2019est officiel. Cependant, selon des sources, le chef du d\u00e9partement de tutelle aurait donn\u00e9 ses instructions aux directeurs r\u00e9gionaux de la sant\u00e9 pour faciliter les cong\u00e9s annuels. Une [&hellip;]<\/p>\n","protected":false},"author":1760,"featured_media":0,"comment_status":"closed","ping_status":"closed","sticky":false,"template":"","format":"standard","meta":{"fifu_image_url":"","fifu_image_alt":"","footnotes":""},"categories":[73,54],"tags":[],"class_list":["post-95506","post","type-post","status-publish","format-standard","hentry","category-actualite","category-maroc"],"_links":{"self":[{"href":"https:\/\/linitiative.ca\/International\/wp-json\/wp\/v2\/posts\/95506","targetHints":{"allow":["GET"]}}],"collection":[{"href":"https:\/\/linitiative.ca\/International\/wp-json\/wp\/v2\/posts"}],"about":[{"href":"https:\/\/linitiative.ca\/International\/wp-json\/wp\/v2\/types\/post"}],"author":[{"embeddable":true,"href":"https:\/\/linitiative.ca\/International\/wp-json\/wp\/v2\/users\/1760"}],"replies":[{"embeddable":true,"href":"https:\/\/linitiative.ca\/International\/wp-json\/wp\/v2\/comments?post=95506"}],"version-history":[{"count":0,"href":"https:\/\/linitiative.ca\/International\/wp-json\/wp\/v2\/posts\/95506\/revisions"}],"wp:attachment":[{"href":"https:\/\/linitiative.ca\/International\/wp-json\/wp\/v2\/media?parent=95506"}],"wp:term":[{"taxonomy":"category","embeddable":true,"href":"https:\/\/linitiative.ca\/International\/wp-json\/wp\/v2\/categories?post=95506"},{"taxonomy":"post_tag","embeddable":true,"href":"https:\/\/linitiative.ca\/International\/wp-json\/wp\/v2\/tags?post=95506"}],"curies":[{"name":"wp","href":"https:\/\/api.w.org\/{rel}","templated":true}]}}