{"id":95517,"date":"2020-08-13T06:30:36","date_gmt":"2020-08-13T10:30:36","guid":{"rendered":"https:\/\/linitiative.ca\/International\/manifestation-du-mechouar-une-etape-phare-de-la-resistance-nationale\/"},"modified":"2020-08-13T06:30:36","modified_gmt":"2020-08-13T10:30:36","slug":"manifestation-du-mechouar-une-etape-phare-de-la-resistance-nationale","status":"publish","type":"post","link":"https:\/\/linitiative.ca\/International\/manifestation-du-mechouar-une-etape-phare-de-la-resistance-nationale\/","title":{"rendered":"Manifestation du M\u00e9chouar, une \u00e9tape phare de la r\u00e9sistance nationale"},"content":{"rendered":"<div readability=\"38\">\n<p>Marrakech \u2013 La Manifestation du M\u00e9chouar (14 et 15 ao\u00fbt 1953), dont le peuple marocain et la famille du mouvement national, de la r\u00e9sistance et de l\u2019arm\u00e9e de lib\u00e9ration comm\u00e9morent cette ann\u00e9e le 67\u00e8me anniversaire, constitue l\u2019une des pages glorieuses de l\u2019\u00e9pop\u00e9e de la r\u00e9sistance nationale pour le recouvrement de l\u2019ind\u00e9pendance et un \u00e9v\u00e9nement phare \u00e9crit en lettres d\u2019or dans l\u2019histoire de la cit\u00e9 ocre.<\/p>\n<\/div>\n<div readability=\"117\">\n<p>La c\u00e9l\u00e9bration de cette \u00e9pop\u00e9e rayonnante, qui restera grav\u00e9e \u00e0 jamais dans la m\u00e9moire de tous les Marocains et vivace dans leurs c\u0153urs, se veut une reconnaissance de l\u2019h\u00e9ro\u00efsme, du patriotisme, de l\u2019altruisme et de l\u2019abn\u00e9gation des valeureux anc\u00eatres qui n\u2019ont m\u00e9nag\u00e9 aucun effort pour la d\u00e9fense des constantes sacr\u00e9es du pays, dans l\u2019une des plus belles images de lutte contre la conspiration et la tentative de l\u2019occupant d\u2019introniser sa marionnette \u00ab\u00a0Ibn Arafa\u00a0\u00bb.<\/p>\n<p>En effet, gr\u00e2ce \u00e0 leur vigilance, \u00e0 leur d\u00e9vouement et \u00e0 leurs sacrifices sans limites, les vaillants h\u00e9ros de la r\u00e9sistance et les fid\u00e8les militants et combattants parmi les r\u00e9sidents et les visiteurs de Marrakech, ont r\u00e9ussi \u00e0 avorter les vilains desseins du colonisateur visant \u00e0 semer la discorde et la division au sein du peuple et \u00e0 porter atteinte au Tr\u00f4ne Alaouite et au Guide de la Nation et H\u00e9ros de sa lib\u00e9ration, Feu SM Mohammed V.<\/p>\n<p>Une fois inform\u00e9s du complot colonial et qu&rsquo;\u00a0\u00bbIbn Arafa\u00a0\u00bb allait \u00eatre d\u00e9sign\u00e9 comme nouveau Sultan, le 14 ao\u00fbt 1953 \u00e0 la Mosqu\u00e9e Al Koutoubia, les nationalistes se sont organis\u00e9s dans le cadre de r\u00e9unions et de mouvements secrets, et des contacts avaient \u00e9t\u00e9 aussi \u00e9tablis entre plusieurs Comit\u00e9s de r\u00e9sistance pour faire \u00e9chec aux plans de l\u2019occupant.<\/p>\n<p>Les populations avaient ainsi investi les rues de la cit\u00e9 ocre et pris part \u00e0 de grandes manifestations contre cette conspiration pour exprimer leur attachement ind\u00e9fectible au Sultan l\u00e9gitime.<\/p>\n<p>Les Mosqu\u00e9es de la Koutoubia et d\u2019Al Mouassine ont \u00e9t\u00e9 \u00e9galement le th\u00e9\u00e2tre d\u2019\u00e9v\u00e9nements sanglants ayant r\u00e9ussi \u00e0 faire avorter la c\u00e9r\u00e9monie d\u2019investiture du Sultan fantoche \u00ab\u00a0Ibn Arafa\u00a0\u00bb, for\u00e7ant les autorit\u00e9s coloniales \u00e0 ajourner cette c\u00e9r\u00e9monie offensante et provocatrice.<\/p>\n<p>Le 15 ao\u00fbt 1953, la population s\u2019est donn\u00e9e rendez-vous \u00e0 la place du M\u00e9chouar pour exprimer sa col\u00e8re et son rejet total des manoeuvres attentatoires \u00e0 la dignit\u00e9 et \u00e0 la volont\u00e9 du peuple marocain.<\/p>\n<p>Lors de cette manifestation, \u00e0 laquelle ont particip\u00e9 toutes les composantes de la soci\u00e9t\u00e9 marocaine, notamment les femmes, les manifestants se sont affront\u00e9s \u00e0 une patrouille qui a tent\u00e9 de les \u00e9loigner de la porte du M\u00e9chouar en usant de bombes lacrymog\u00e8nes.<\/p>\n<p>Ce soul\u00e8vement populaire spontan\u00e9 a fortement perturb\u00e9 les manigances du colonisateur, qui a constat\u00e9 que le peuple marocain est fortement mobilis\u00e9 autour du Glorieux Tr\u00f4ne Alaouite et r\u00e9sistera \u00e0 toutes les tentatives visant \u00e0 porter atteinte \u00e0 la souverainet\u00e9 et aux constantes nationales du pays.<\/p>\n<p>C\u2019est dans ce sillage que l\u2019occupant, qui s\u2019est, de ce fait, retrouv\u00e9 impuissant face \u00e0 la fid\u00e9lit\u00e9 ind\u00e9fectible et au loyalisme sinc\u00e8re dont ont fait montre les r\u00e9sistants marocains et les membres du mouvement de lib\u00e9ration \u00e0 l\u2019\u00e9gard du Roi et du Tr\u00f4ne, avait men\u00e9 une importante vague d\u2019arrestations parmi les rangs des r\u00e9sistants, des militants et des nationalistes.<\/p>\n<p>Le 11 septembre de la m\u00eame ann\u00e9e, le martyr Allal Ben Abdellah s\u2019est attaqu\u00e9 au cort\u00e8ge d&rsquo;\u00a0\u00bbIbn Arafa\u00a0\u00bb, sacrifiant ainsi sa vie pour la d\u00e9fense des valeurs sacr\u00e9es des Marocains, dont la lutte s\u2019est poursuivie sous diff\u00e9rentes formes : manifestations, actes de r\u00e9sistance et combats acharn\u00e9s, jusqu\u2019\u00e0 la victoire finale.<\/p>\n<p>La comm\u00e9moration de l\u2019anniversaire de la Manifestation du M\u00e9chouar de Marrakech se veut donc une occasion renouvel\u00e9e pour faire revivre cette \u00e9pop\u00e9e et un moment fort pour honorer la m\u00e9moire des valeureux martyrs de la r\u00e9sistance, qui ont fait don de leur vie pour la d\u00e9fense de la Patrie et le recouvrement de la libert\u00e9 et de l\u2019ind\u00e9pendance du Royaume.<\/p>\n<p>Cet \u00e9v\u00e9nement repr\u00e9sente aussi une le\u00e7on inspirante pour les g\u00e9n\u00e9rations montantes afin qu\u2019elles restent visc\u00e9ralement attach\u00e9es aux valeurs du patriotisme sinc\u00e8re, du sacrifice inconditionnel et de l\u2019esprit de citoyennet\u00e9 positive pour mieux d\u00e9fendre les int\u00e9r\u00eats supr\u00eames de leur pays.<\/p>\n<\/div>\n<p>Auteur: Meriem IGASS<br \/>\n<a href=\"http:\/\/www.mapmarrakech.ma\/fr\/la-manifestation-du-mechouar-une-etape-phare-de-lepopee-de-la-resistance\/\">Cliquez ici pour lire l&rsquo;article depuis sa source.<\/a><\/p>\n","protected":false},"excerpt":{"rendered":"<p>Marrakech \u2013 La Manifestation du M\u00e9chouar (14 et 15 ao\u00fbt 1953), dont le peuple marocain et la famille du mouvement national, de la r\u00e9sistance et de l\u2019arm\u00e9e de lib\u00e9ration comm\u00e9morent cette ann\u00e9e le 67\u00e8me anniversaire, constitue l\u2019une des pages glorieuses de l\u2019\u00e9pop\u00e9e de la r\u00e9sistance nationale pour le recouvrement de l\u2019ind\u00e9pendance et un \u00e9v\u00e9nement phare [&hellip;]<\/p>\n","protected":false},"author":1788,"featured_media":0,"comment_status":"closed","ping_status":"closed","sticky":false,"template":"","format":"standard","meta":{"fifu_image_url":"","fifu_image_alt":"","footnotes":""},"categories":[54,76],"tags":[],"class_list":["post-95517","post","type-post","status-publish","format-standard","hentry","category-maroc","category-regions"],"_links":{"self":[{"href":"https:\/\/linitiative.ca\/International\/wp-json\/wp\/v2\/posts\/95517","targetHints":{"allow":["GET"]}}],"collection":[{"href":"https:\/\/linitiative.ca\/International\/wp-json\/wp\/v2\/posts"}],"about":[{"href":"https:\/\/linitiative.ca\/International\/wp-json\/wp\/v2\/types\/post"}],"author":[{"embeddable":true,"href":"https:\/\/linitiative.ca\/International\/wp-json\/wp\/v2\/users\/1788"}],"replies":[{"embeddable":true,"href":"https:\/\/linitiative.ca\/International\/wp-json\/wp\/v2\/comments?post=95517"}],"version-history":[{"count":0,"href":"https:\/\/linitiative.ca\/International\/wp-json\/wp\/v2\/posts\/95517\/revisions"}],"wp:attachment":[{"href":"https:\/\/linitiative.ca\/International\/wp-json\/wp\/v2\/media?parent=95517"}],"wp:term":[{"taxonomy":"category","embeddable":true,"href":"https:\/\/linitiative.ca\/International\/wp-json\/wp\/v2\/categories?post=95517"},{"taxonomy":"post_tag","embeddable":true,"href":"https:\/\/linitiative.ca\/International\/wp-json\/wp\/v2\/tags?post=95517"}],"curies":[{"name":"wp","href":"https:\/\/api.w.org\/{rel}","templated":true}]}}