{"id":95519,"date":"2020-08-13T09:28:25","date_gmt":"2020-08-13T13:28:25","guid":{"rendered":"https:\/\/linitiative.ca\/International\/el-tarf-installation-du-nouveau-procureur-general-de-la-cour-de-justice\/"},"modified":"2020-08-13T09:28:25","modified_gmt":"2020-08-13T13:28:25","slug":"el-tarf-installation-du-nouveau-procureur-general-de-la-cour-de-justice","status":"publish","type":"post","link":"https:\/\/linitiative.ca\/International\/el-tarf-installation-du-nouveau-procureur-general-de-la-cour-de-justice\/","title":{"rendered":"El Tarf: installation du nouveau procureur g\u00e9n\u00e9ral de la Cour de justice"},"content":{"rendered":"<div readability=\"42\">\n<p><strong>El TARF &#8211; Le nouveau procureur g\u00e9n\u00e9ral de la Cour de justice d\u2019El Tarf, Omar Guelali a \u00e9t\u00e9 install\u00e9, jeudi, dans ses nouvelles fonctions, en remplacement d\u2019Abdelkrim Djadi, au titre du vaste mouvement dans le corps des magistrats, d\u00e9cid\u00e9 par le pr\u00e9sident de la R\u00e9publique, Abdelmadjid Tebboune.<\/strong><\/p>\n<\/div>\n<div readability=\"64\">\n<p>M. Guelali a \u00e9t\u00e9 install\u00e9, lors d\u2019une c\u00e9r\u00e9monie pr\u00e9sid\u00e9e par le pr\u00e9sident de chambre au Conseil d\u2019Etat, Moussa Boussouf et en sa qualit\u00e9 de repr\u00e9sentant du ministre de la Justice, Garde des sceaux.<\/p>\n<p>Au cours de cette c\u00e9r\u00e9monie, tenue au si\u00e8ge de la Cour de justice d\u2019El Tarf, en pr\u00e9sence du secr\u00e9taire g\u00e9n\u00e9ral de la wilaya, Mahfoud Benflis, le repr\u00e9sentant du ministre de la Justice, Garde des sceaux\u00a0 a notamment indiqu\u00e9 que l\u2019objectif attendu de la r\u00e9forme de ce secteur, entre dans le cadre des efforts continus visant \u00e0 promouvoir la prestation, en veillant \u00e0 l\u2019application stricte de la loi tout en tenant compte de l\u2019int\u00e9r\u00eat du citoyen.<\/p>\n<p>S\u2019inscrivant dans le cadre de l\u2019engagement du pr\u00e9sident de la R\u00e9publique \u00e0 renouveler les capacit\u00e9s et comp\u00e9tences en vue d\u2019insuffler une nouvelle dynamique au travail judiciaire, ce mouvement, a-t-il ajout\u00e9, permettra au secteur d\u2019op\u00e9rer les changements escompt\u00e9s gr\u00e2ce \u00e0 la poursuite des efforts consacrant l\u2019int\u00e9grit\u00e9 et la justice.<\/p>\n<p>Aussi, a-t-il exhort\u00e9 les responsables du secteur au niveau de cette wilaya, \u00e0 \u0153uvrer pour poursuivre cet effort destin\u00e9 \u00e0 la cons\u00e9cration de la justice et l\u2019\u00e9quit\u00e9, et \u00e0 faire preuve de responsabilit\u00e9 dans l\u2019application de la loi dans toute sa rigueur.<\/p>\n<\/div>\n<p>Auteur:<br \/>\n<a href=\"http:\/\/www.aps.dz\/regions\/108569-el-tarf-installation-du-nouveau-procureur-general-de-la-cour-de-justice\">Cliquez ici pour lire l&rsquo;article depuis sa source.<\/a><\/p>\n","protected":false},"excerpt":{"rendered":"<p>El TARF &#8211; Le nouveau procureur g\u00e9n\u00e9ral de la Cour de justice d\u2019El Tarf, Omar Guelali a \u00e9t\u00e9 install\u00e9, jeudi, dans ses nouvelles fonctions, en remplacement d\u2019Abdelkrim Djadi, au titre du vaste mouvement dans le corps des magistrats, d\u00e9cid\u00e9 par le pr\u00e9sident de la R\u00e9publique, Abdelmadjid Tebboune. M. Guelali a \u00e9t\u00e9 install\u00e9, lors d\u2019une c\u00e9r\u00e9monie [&hellip;]<\/p>\n","protected":false},"author":1790,"featured_media":0,"comment_status":"closed","ping_status":"closed","sticky":false,"template":"","format":"standard","meta":{"fifu_image_url":"","fifu_image_alt":"","footnotes":""},"categories":[53,76],"tags":[],"class_list":["post-95519","post","type-post","status-publish","format-standard","hentry","category-algerie","category-regions"],"_links":{"self":[{"href":"https:\/\/linitiative.ca\/International\/wp-json\/wp\/v2\/posts\/95519","targetHints":{"allow":["GET"]}}],"collection":[{"href":"https:\/\/linitiative.ca\/International\/wp-json\/wp\/v2\/posts"}],"about":[{"href":"https:\/\/linitiative.ca\/International\/wp-json\/wp\/v2\/types\/post"}],"author":[{"embeddable":true,"href":"https:\/\/linitiative.ca\/International\/wp-json\/wp\/v2\/users\/1790"}],"replies":[{"embeddable":true,"href":"https:\/\/linitiative.ca\/International\/wp-json\/wp\/v2\/comments?post=95519"}],"version-history":[{"count":0,"href":"https:\/\/linitiative.ca\/International\/wp-json\/wp\/v2\/posts\/95519\/revisions"}],"wp:attachment":[{"href":"https:\/\/linitiative.ca\/International\/wp-json\/wp\/v2\/media?parent=95519"}],"wp:term":[{"taxonomy":"category","embeddable":true,"href":"https:\/\/linitiative.ca\/International\/wp-json\/wp\/v2\/categories?post=95519"},{"taxonomy":"post_tag","embeddable":true,"href":"https:\/\/linitiative.ca\/International\/wp-json\/wp\/v2\/tags?post=95519"}],"curies":[{"name":"wp","href":"https:\/\/api.w.org\/{rel}","templated":true}]}}