{"id":95521,"date":"2020-08-13T12:35:01","date_gmt":"2020-08-13T16:35:01","guid":{"rendered":"https:\/\/linitiative.ca\/International\/installation-du-president-et-du-procureur-general-de-la-cour-de-setif\/"},"modified":"2020-08-13T12:35:01","modified_gmt":"2020-08-13T16:35:01","slug":"installation-du-president-et-du-procureur-general-de-la-cour-de-setif","status":"publish","type":"post","link":"https:\/\/linitiative.ca\/International\/installation-du-president-et-du-procureur-general-de-la-cour-de-setif\/","title":{"rendered":"Installation du pr\u00e9sident et du procureur g\u00e9n\u00e9ral de la cour de S\u00e9tif"},"content":{"rendered":"<div readability=\"40\">\n<p><strong>SETIF &#8211; Le nouveau pr\u00e9sident de la Cour de justice de S\u00e9tif, Rachid All\u00e8ne ainsi que le nouveau procureur g\u00e9n\u00e9ral de la m\u00eame Cour, Abdelmadjid Belhadj ont \u00e9t\u00e9 install\u00e9s jeudi dans leurs fonctions, au titre du mouvement op\u00e9r\u00e9 dans les corps des pr\u00e9sidents des cours de justice et des procureurs g\u00e9n\u00e9raux, d\u00e9cid\u00e9 par le pr\u00e9sident de la R\u00e9publique, Abdelmadjid Tebboune.<\/strong><\/p>\n<\/div>\n<div readability=\"72\">\n<p>La c\u00e9r\u00e9monie d\u2019installation a \u00e9t\u00e9 pr\u00e9sid\u00e9e au si\u00e8ge de la Cour par le procureur g\u00e9n\u00e9ral adjoint \u00e0 la Cour supr\u00eame et repr\u00e9sentant du ministre de la Justice, Gardes des Sceaux, Khaled Zebiri qui a inscrit ce mouvement \u00ab\u00a0dans le cadre de la satisfaction des revendications populaires du Hirak relatives au recours aux jeunes \u00e9lites dont la comp\u00e9tence et l\u2019int\u00e9grit\u00e9 sont reconnues afin de promouvoir l\u2019autorit\u00e9 judiciaire sur les plans de l\u2019efficacit\u00e9, la souplesse, la proximit\u00e9 des citoyens et la lutte contre la corruption et pour recouvrer la confiance de la soci\u00e9t\u00e9\u00a0\u00bb.<\/p>\n<p>Khaled Zebiri a consid\u00e9r\u00e9 que \u00ab\u00a0les r\u00e9alisations et acquis faits derni\u00e8rement exigent persistance, d\u00e9termination et travail sans r\u00e9pit pour parvenir aux objectifs souhait\u00e9s d\u2019am\u00e9lioration des performances et rendement de la justice, de d\u00e9veloppement de ses structures et sa modernisation en coordination avec tous les acteurs du secteur judiciaire que sont les magistrats, les greffiers, les avocats, les huissiers de justice, les notaires, les agents de la police judiciaire et autres\u00a0\u00bb.<\/p>\n<p>Il a \u00e9galement estim\u00e9 que \u00ab\u00a0la pierre fondamentale \u00e0 l\u2019\u00e9dification de l\u2019Alg\u00e9rie nouvelle est l\u2019amendement prochain de la Constitution, relevant que l\u2019avant-projet de cet amendement constitutionnel pr\u00e9sent\u00e9 aux diverses institutions de la R\u00e9publique pour d\u00e9bat et enrichissement contient beaucoup de dispositions nouvelles qui consolident l\u2019ind\u00e9pendance de la justice et des magistrats et consacrent le droit \u00e0 la d\u00e9fense qui satisferont les revendications du Hirak\u00a0\u00bb.<\/p>\n<p>Le nouveau pr\u00e9sident de la Cour de justice de S\u00e9tif, Rachid All\u00e8ne a rejoint le secteur de la justice en 1995 occupant diverses fonctions dont celles de magistrat au tribunal de Djelfa, juge instructeur au m\u00eame tribunal puis \u00e0 celui de Boufarik (Blida) puis au tribunal de Blida.<\/p>\n<p>Il a \u00e9t\u00e9 aussi doyen des juges instructeurs au tribunal de Sidi M\u2019hamed (Alger) et r\u00e9cemment pr\u00e9sident de la Cour de Tiaret.<\/p>\n<p>Le nouveau procureur g\u00e9n\u00e9ral Abdelmadjid Belhadj a d\u00e9but\u00e9 sa carri\u00e8re professionnelle en 1989 en tant que procureur de la R\u00e9publique au tribunal<\/p>\n<p>d\u2019El Aouinet (T\u00e9bessa) avant d\u2019assumer nombre d\u2019autres fonctions dont procureur g\u00e9n\u00e9ral adjoint \u00e0 la Cour de Bouira et procureur g\u00e9n\u00e9ral \u00e0 la Cour de Tiaret.<\/p>\n<\/div>\n<p>Auteur:<br \/>\n<a href=\"http:\/\/www.aps.dz\/regions\/108580-installation-du-president-et-du-procureur-general-de-la-cour-de-setif\">Cliquez ici pour lire l&rsquo;article depuis sa source.<\/a><\/p>\n","protected":false},"excerpt":{"rendered":"<p>SETIF &#8211; Le nouveau pr\u00e9sident de la Cour de justice de S\u00e9tif, Rachid All\u00e8ne ainsi que le nouveau procureur g\u00e9n\u00e9ral de la m\u00eame Cour, Abdelmadjid Belhadj ont \u00e9t\u00e9 install\u00e9s jeudi dans leurs fonctions, au titre du mouvement op\u00e9r\u00e9 dans les corps des pr\u00e9sidents des cours de justice et des procureurs g\u00e9n\u00e9raux, d\u00e9cid\u00e9 par le pr\u00e9sident [&hellip;]<\/p>\n","protected":false},"author":1790,"featured_media":0,"comment_status":"closed","ping_status":"closed","sticky":false,"template":"","format":"standard","meta":{"fifu_image_url":"","fifu_image_alt":"","footnotes":""},"categories":[53,76],"tags":[],"class_list":["post-95521","post","type-post","status-publish","format-standard","hentry","category-algerie","category-regions"],"_links":{"self":[{"href":"https:\/\/linitiative.ca\/International\/wp-json\/wp\/v2\/posts\/95521","targetHints":{"allow":["GET"]}}],"collection":[{"href":"https:\/\/linitiative.ca\/International\/wp-json\/wp\/v2\/posts"}],"about":[{"href":"https:\/\/linitiative.ca\/International\/wp-json\/wp\/v2\/types\/post"}],"author":[{"embeddable":true,"href":"https:\/\/linitiative.ca\/International\/wp-json\/wp\/v2\/users\/1790"}],"replies":[{"embeddable":true,"href":"https:\/\/linitiative.ca\/International\/wp-json\/wp\/v2\/comments?post=95521"}],"version-history":[{"count":0,"href":"https:\/\/linitiative.ca\/International\/wp-json\/wp\/v2\/posts\/95521\/revisions"}],"wp:attachment":[{"href":"https:\/\/linitiative.ca\/International\/wp-json\/wp\/v2\/media?parent=95521"}],"wp:term":[{"taxonomy":"category","embeddable":true,"href":"https:\/\/linitiative.ca\/International\/wp-json\/wp\/v2\/categories?post=95521"},{"taxonomy":"post_tag","embeddable":true,"href":"https:\/\/linitiative.ca\/International\/wp-json\/wp\/v2\/tags?post=95521"}],"curies":[{"name":"wp","href":"https:\/\/api.w.org\/{rel}","templated":true}]}}