{"id":95525,"date":"2020-08-13T06:53:40","date_gmt":"2020-08-13T10:53:40","guid":{"rendered":"https:\/\/linitiative.ca\/International\/covid-19-on-ne-maitrise-plus-rien-a-marrakech\/"},"modified":"2020-08-13T06:53:40","modified_gmt":"2020-08-13T10:53:40","slug":"covid-19-on-ne-maitrise-plus-rien-a-marrakech","status":"publish","type":"post","link":"https:\/\/linitiative.ca\/International\/covid-19-on-ne-maitrise-plus-rien-a-marrakech\/","title":{"rendered":"Covid-19: On ne ma\u00eetrise plus rien \u00e0 Marrakech!"},"content":{"rendered":"<p class=\"rtejustify\">La situation sanitaire n\u2019est plus ma\u00eetris\u00e9e \u00e0 Marrakech. Plus de 1.500 cas positifs au test au Covid 19 sont en traitement et 74 d\u00e9c\u00e8s depuis le d\u00e9but de la pand\u00e9mie. C\u2019est le bilan au 12 ao\u00fbt dans la cit\u00e9 ocre.<\/p>\n<div class=\"dnd-atom-wrapper type-image context-sdl_editor_representation\" contenteditable=\"false\">\n<div class=\"dnd-drop-wrapper\">\n<div class=\"image\"><img loading=\"lazy\" decoding=\"async\" typeof=\"foaf:Image\" class=\"img-responsive\" src=\"https:\/\/leconomiste.com\/sites\/default\/files\/eco7\/public\/thumbnails\/image\/marrakech-covid-023_0.jpg\" width=\"660\" height=\"330\" alt=\"marrakech-covid-023.jpg\" title=\"marrakech-covid-023.jpg\"\/><\/div>\n<\/div>\n<\/div>\n<p class=\"rtejustify\">Le taux de gu\u00e9rison\u00a0 est aux alentours de 67% selon les derni\u00e8res statistiques r\u00e9gionales. Marrakech a enregistr\u00e9 une \u00e9volution inqui\u00e9tante en termes de propagation de l\u2019\u00e9pid\u00e9mie, de nombre de d\u00e9c\u00e8s et de personnes dans les services de soins intensifs et de r\u00e9animation. A telle enseigne, que le contr\u00f4le aux entr\u00e9es de la ville est devenu tr\u00e8s strict. Depuis la f\u00eate de l\u2019A\u00efd, l\u2019on constate un engorgement des h\u00f4pitaux qui ne peuvent plus recevoir les patients atteints par le Covid-19 faute de lits et de personnel m\u00e9dical suffisants.<\/p>\n<p class=\"rtejustify\">Le CHU Mohammed VI, totalement d\u00e9di\u00e9 aux cas Covid, enregistrerait une contamination du personnel soignant (m\u00e9decins et infirmi\u00e8res) de plus en plus importante.<br \/>Dans une note de service, l\u2019h\u00f4pital a interdit aux responsables des structures du CHU d\u2019accueillir la presse. Ce qui laisse libre cours \u00e0 plusieurs rumeurs. Certaines \u00e9voquent la p\u00e9nurie du mat\u00e9riel destin\u00e9 au d\u00e9pistage qui perturbe le syst\u00e8me de suivi des personnes contacts.\u00a0<\/p>\n<p class=\"rtejustify\">Au sein d\u2019une autre structure d\u00e9di\u00e9e au Covid, l&rsquo;h\u00f4pital Ibnou Zohr (Mamounia), la situation n\u2019est pas non plus ma\u00eetris\u00e9e. Les files d\u2019attente devant les h\u00f4pitaux pour se faire d\u00e9pister et les SOS des malades sont devenues un lot quotidien \u00e0 Marrakech tout comme \u00e0 Casablanca et d\u2019autres villes du Royaume.\u00a0<\/p>\n<div class=\"dnd-atom-wrapper type-image context-sdl_editor_representation atom-align-right\" contenteditable=\"false\">\n<div class=\"dnd-drop-wrapper\">\n<div class=\"image\"><img loading=\"lazy\" decoding=\"async\" typeof=\"foaf:Image\" class=\"img-responsive\" src=\"https:\/\/leconomiste.com\/sites\/default\/files\/eco7\/public\/thumbnails\/image\/marrakech-covid-023.jpg\" width=\"369\" height=\"475\" alt=\"marrakech-covid-023.jpg\" title=\"marrakech-covid-023.jpg\"\/><\/div>\n<\/div>\n<\/div>\n<p class=\"rtejustify\">\u00abLes patients et les cas suspects se pr\u00e9sentent \u00e0 l&rsquo;h\u00f4pital et sont ignor\u00e9s et abandonn\u00e9s devant les portes de l&rsquo;h\u00f4pital, sans prendre en compte qu&rsquo;ils peuvent contaminer d\u2019autres\u00bb, se d\u00e9sole un patient qui s\u2019est pr\u00e9sent\u00e9 \u00e0 Ibnou Zohr. A noter\u00a0 que cet h\u00f4pital ne dispose pas de directeur d&rsquo;\u00e9tablissement et que la structure est d\u00e9pass\u00e9e par le nombre de sollicitations.<\/p>\n<p class=\"rtejustify\">Pour les sp\u00e9cialistes et les m\u00e9decins, les grandes villes font les frais du rel\u00e2chement et du laxisme de la population et du manque d\u2019\u00e9quipement. \u00abLa responsabilit\u00e9 est \u00e0 la fois individuelle et collective et tout le monde doit contribuer \u00e0 la lutte contre cette pand\u00e9mie, en adh\u00e9rant aux mesures pr\u00e9ventives et en adoptant un comportement responsable\u00bb, note un m\u00e9decin de Marrakech.<\/p>\n<p class=\"rtejustify\">Dans les provinces, la situation est mieux ma\u00eetris\u00e9e, \u00e0 l\u2019exception de Youssoufia, \u00e9pargn\u00e9e avant les f\u00eates de l\u2019A\u00efd, et qui enregistre une cinquantaine de cas depuis. Essaouira pour sa part enregistre 13 cas. La soci\u00e9t\u00e9 civile de la ville des Aliz\u00e9s tente de lutter contre la propagation et s\u2019est engag\u00e9e \u00e0 sensibiliser la population pour le port du masque et le respect des gestes barri\u00e8res.<\/p>\n<p class=\"rtejustify\"><em>Badra BERRISSOULE<\/em><\/p>\n<p>Auteur: hlafriqi<br \/>\n<a href=\"https:\/\/www.leconomiste.com\/article\/1065911-covid-19-ne-maitrise-plus-rien-marrakech\">Cliquez ici pour lire l&rsquo;article depuis sa source.<\/a><\/p>\n","protected":false},"excerpt":{"rendered":"<p>La situation sanitaire n\u2019est plus ma\u00eetris\u00e9e \u00e0 Marrakech. Plus de 1.500 cas positifs au test au Covid 19 sont en traitement et 74 d\u00e9c\u00e8s depuis le d\u00e9but de la pand\u00e9mie. C\u2019est le bilan au 12 ao\u00fbt dans la cit\u00e9 ocre. Le taux de gu\u00e9rison\u00a0 est aux alentours de 67% selon les derni\u00e8res statistiques r\u00e9gionales. Marrakech [&hellip;]<\/p>\n","protected":false},"author":1763,"featured_media":95526,"comment_status":"closed","ping_status":"closed","sticky":false,"template":"","format":"standard","meta":{"fifu_image_url":"","fifu_image_alt":"","footnotes":""},"categories":[78,54],"tags":[],"class_list":["post-95525","post","type-post","status-publish","format-standard","has-post-thumbnail","hentry","category-economie","category-maroc"],"_links":{"self":[{"href":"https:\/\/linitiative.ca\/International\/wp-json\/wp\/v2\/posts\/95525","targetHints":{"allow":["GET"]}}],"collection":[{"href":"https:\/\/linitiative.ca\/International\/wp-json\/wp\/v2\/posts"}],"about":[{"href":"https:\/\/linitiative.ca\/International\/wp-json\/wp\/v2\/types\/post"}],"author":[{"embeddable":true,"href":"https:\/\/linitiative.ca\/International\/wp-json\/wp\/v2\/users\/1763"}],"replies":[{"embeddable":true,"href":"https:\/\/linitiative.ca\/International\/wp-json\/wp\/v2\/comments?post=95525"}],"version-history":[{"count":0,"href":"https:\/\/linitiative.ca\/International\/wp-json\/wp\/v2\/posts\/95525\/revisions"}],"wp:featuredmedia":[{"embeddable":true,"href":"https:\/\/linitiative.ca\/International\/wp-json\/"}],"wp:attachment":[{"href":"https:\/\/linitiative.ca\/International\/wp-json\/wp\/v2\/media?parent=95525"}],"wp:term":[{"taxonomy":"category","embeddable":true,"href":"https:\/\/linitiative.ca\/International\/wp-json\/wp\/v2\/categories?post=95525"},{"taxonomy":"post_tag","embeddable":true,"href":"https:\/\/linitiative.ca\/International\/wp-json\/wp\/v2\/tags?post=95525"}],"curies":[{"name":"wp","href":"https:\/\/api.w.org\/{rel}","templated":true}]}}