{"id":95536,"date":"2020-08-13T15:13:50","date_gmt":"2020-08-13T19:13:50","guid":{"rendered":"https:\/\/linitiative.ca\/International\/pros-saint-etienne-puel-sexprime-sur-les-exculs-du-groupe-dont-fait-partie-boudebouz\/"},"modified":"2020-08-13T15:13:50","modified_gmt":"2020-08-13T19:13:50","slug":"pros-saint-etienne-puel-sexprime-sur-les-exculs-du-groupe-dont-fait-partie-boudebouz","status":"publish","type":"post","link":"https:\/\/linitiative.ca\/International\/pros-saint-etienne-puel-sexprime-sur-les-exculs-du-groupe-dont-fait-partie-boudebouz\/","title":{"rendered":"Pros : Saint Etienne : Puel s&rsquo;exprime sur les exculs du groupe dont fait partie Boudebouz"},"content":{"rendered":"<div readability=\"32\">\n<p>Auteur : <span class=\"time\">mercredi 12 ao\u00fbt 2020 21:25<\/span><\/p>\n<\/div>\n<div id=\"post_core\" readability=\"45\">\n<p>Pour le stage de pr\u00e9paration \u00e0 Dinard, Claude Puel a\u00a0fait des choix forts et a d\u00e9cid\u00e9 de se passer des services de quatre cadres du club : St\u00e9phane Ruffier, Ryad Boudebouz, Wahbi Khazri et Yann M\u2019Vila. Apr\u00e8s la d\u00e9faite des siens ce mercredi en match amical face au Stade Rennais (3-0), l&rsquo;entra\u00eeneur de l&rsquo;AS Saint-Etienne est revenu sur ces absences :<\/p>\n<p>\u00ab\u00a0On verra la suite en temps voulu. Yann M&rsquo;Vila avait un probl\u00e8me de cheville, on verra quand il pourra reprendre l&rsquo;entra\u00eenement. On a pas mal de jeunes joueurs avec des qualit\u00e9s. Il n&rsquo;y a jamais rien de d\u00e9finitif\u00a0\u00bb, a d\u00e9clar\u00e9 le technicien des Verts comme rapport\u00e9 par Onzemondial.<\/p>\n<p><strong>Publi\u00e9 dans :<\/strong> <span>boudebouz<\/span><\/p>\n<\/div>\n<p>Auteur:<br \/>\n<a href=\"http:\/\/www.lebuteur.com\/article\/detail?titre=saint-etienne-puel-sexprime-sur-les-exculs-du-groupe-dont-fait-partie-boudebouz&#038;id=96899&#038;utm_source=feedburner&#038;utm_medium=feed&#038;utm_campaign=Feed%3A+GalerieFArtciles+%28Les+derniers+articles++-+lebuteur.com%29\">Cliquez ici pour lire l&rsquo;article depuis sa source.<\/a><\/p>\n","protected":false},"excerpt":{"rendered":"<p>Auteur : mercredi 12 ao\u00fbt 2020 21:25 Pour le stage de pr\u00e9paration \u00e0 Dinard, Claude Puel a\u00a0fait des choix forts et a d\u00e9cid\u00e9 de se passer des services de quatre cadres du club : St\u00e9phane Ruffier, Ryad Boudebouz, Wahbi Khazri et Yann M\u2019Vila. Apr\u00e8s la d\u00e9faite des siens ce mercredi en match amical face au [&hellip;]<\/p>\n","protected":false},"author":1738,"featured_media":95537,"comment_status":"closed","ping_status":"closed","sticky":false,"template":"","format":"standard","meta":{"fifu_image_url":"","fifu_image_alt":"","footnotes":""},"categories":[53,75],"tags":[],"class_list":["post-95536","post","type-post","status-publish","format-standard","has-post-thumbnail","hentry","category-algerie","category-sport"],"_links":{"self":[{"href":"https:\/\/linitiative.ca\/International\/wp-json\/wp\/v2\/posts\/95536","targetHints":{"allow":["GET"]}}],"collection":[{"href":"https:\/\/linitiative.ca\/International\/wp-json\/wp\/v2\/posts"}],"about":[{"href":"https:\/\/linitiative.ca\/International\/wp-json\/wp\/v2\/types\/post"}],"author":[{"embeddable":true,"href":"https:\/\/linitiative.ca\/International\/wp-json\/wp\/v2\/users\/1738"}],"replies":[{"embeddable":true,"href":"https:\/\/linitiative.ca\/International\/wp-json\/wp\/v2\/comments?post=95536"}],"version-history":[{"count":0,"href":"https:\/\/linitiative.ca\/International\/wp-json\/wp\/v2\/posts\/95536\/revisions"}],"wp:featuredmedia":[{"embeddable":true,"href":"https:\/\/linitiative.ca\/International\/wp-json\/"}],"wp:attachment":[{"href":"https:\/\/linitiative.ca\/International\/wp-json\/wp\/v2\/media?parent=95536"}],"wp:term":[{"taxonomy":"category","embeddable":true,"href":"https:\/\/linitiative.ca\/International\/wp-json\/wp\/v2\/categories?post=95536"},{"taxonomy":"post_tag","embeddable":true,"href":"https:\/\/linitiative.ca\/International\/wp-json\/wp\/v2\/tags?post=95536"}],"curies":[{"name":"wp","href":"https:\/\/api.w.org\/{rel}","templated":true}]}}