{"id":95538,"date":"2020-08-13T15:13:52","date_gmt":"2020-08-13T19:13:52","guid":{"rendered":"https:\/\/linitiative.ca\/International\/international-ldc-le-psg-renverse-latalanta-dans-le-temps-additionnel-et-se-qualifie-pour-les-demies\/"},"modified":"2020-08-13T15:13:52","modified_gmt":"2020-08-13T19:13:52","slug":"international-ldc-le-psg-renverse-latalanta-dans-le-temps-additionnel-et-se-qualifie-pour-les-demies","status":"publish","type":"post","link":"https:\/\/linitiative.ca\/International\/international-ldc-le-psg-renverse-latalanta-dans-le-temps-additionnel-et-se-qualifie-pour-les-demies\/","title":{"rendered":"International : LDC : Le PSG renverse l&rsquo;Atalanta dans le temps additionnel et se qualifie pour les demies !"},"content":{"rendered":"<div readability=\"32\">\n<p>Auteur : <span class=\"time\">mercredi 12 ao\u00fbt 2020 21:56<\/span><\/p>\n<\/div>\n<div id=\"post_core\" readability=\"41\">\n<p>Men\u00e9s jusqu\u2019\u00e0 la 89e minute de jeu par l\u2019Atalanta Bergame en quarts de finale de la Ligue des champions apr\u00e8s un but de Pasalic (26e), les Parisiens ont retourn\u00e9 une situation d\u00e9sesp\u00e9r\u00e9e en l&rsquo;espace de quelques minutes. En arrachant l\u2019\u00e9galisation sur un but de Marquinhos, d&rsquo;abord, servi par Neymar dans la surface (1-1, 89e), puis en signant le but de la victoire dans les arr\u00eats de jeu par l&rsquo;interm\u00e9diaire de Choupo-Moting (2-1, 93e). Les champions de France affronteront le vainqueur de la rencontre entre l&rsquo;Atl\u00e9tico Madrid et le Red Bull Leipzig programm\u00e9e jeudi (21h00).<\/p>\n<p><iframe loading=\"lazy\" allow=\"accelerometer; autoplay; encrypted-media; gyroscope; picture-in-picture\" allowfullscreen=\"\" frameborder=\"0\" height=\"315\" src=\"https:\/\/www.youtube.com\/embed\/TfhYH2UXNoc\" width=\"560\">[embedded content]<\/iframe><\/p>\n<p><strong>Publi\u00e9 dans :<\/strong> <span>PSG<\/span><\/p>\n<\/div>\n<p>Auteur:<br \/>\n<a href=\"http:\/\/www.lebuteur.com\/article\/detail?titre=ldc-le-psg-renverse-latalanta-dans-le-temps-additionnel-et-se-qualifie-pour-les-demies&#038;id=96900&#038;utm_source=feedburner&#038;utm_medium=feed&#038;utm_campaign=Feed%3A+GalerieFArtciles+%28Les+derniers+articles++-+lebuteur.com%29\">Cliquez ici pour lire l&rsquo;article depuis sa source.<\/a><\/p>\n","protected":false},"excerpt":{"rendered":"<p>Auteur : mercredi 12 ao\u00fbt 2020 21:56 Men\u00e9s jusqu\u2019\u00e0 la 89e minute de jeu par l\u2019Atalanta Bergame en quarts de finale de la Ligue des champions apr\u00e8s un but de Pasalic (26e), les Parisiens ont retourn\u00e9 une situation d\u00e9sesp\u00e9r\u00e9e en l&rsquo;espace de quelques minutes. En arrachant l\u2019\u00e9galisation sur un but de Marquinhos, d&rsquo;abord, servi par [&hellip;]<\/p>\n","protected":false},"author":1738,"featured_media":95539,"comment_status":"closed","ping_status":"closed","sticky":false,"template":"","format":"standard","meta":{"fifu_image_url":"","fifu_image_alt":"","footnotes":""},"categories":[53,75],"tags":[],"class_list":["post-95538","post","type-post","status-publish","format-standard","has-post-thumbnail","hentry","category-algerie","category-sport"],"_links":{"self":[{"href":"https:\/\/linitiative.ca\/International\/wp-json\/wp\/v2\/posts\/95538","targetHints":{"allow":["GET"]}}],"collection":[{"href":"https:\/\/linitiative.ca\/International\/wp-json\/wp\/v2\/posts"}],"about":[{"href":"https:\/\/linitiative.ca\/International\/wp-json\/wp\/v2\/types\/post"}],"author":[{"embeddable":true,"href":"https:\/\/linitiative.ca\/International\/wp-json\/wp\/v2\/users\/1738"}],"replies":[{"embeddable":true,"href":"https:\/\/linitiative.ca\/International\/wp-json\/wp\/v2\/comments?post=95538"}],"version-history":[{"count":0,"href":"https:\/\/linitiative.ca\/International\/wp-json\/wp\/v2\/posts\/95538\/revisions"}],"wp:featuredmedia":[{"embeddable":true,"href":"https:\/\/linitiative.ca\/International\/wp-json\/"}],"wp:attachment":[{"href":"https:\/\/linitiative.ca\/International\/wp-json\/wp\/v2\/media?parent=95538"}],"wp:term":[{"taxonomy":"category","embeddable":true,"href":"https:\/\/linitiative.ca\/International\/wp-json\/wp\/v2\/categories?post=95538"},{"taxonomy":"post_tag","embeddable":true,"href":"https:\/\/linitiative.ca\/International\/wp-json\/wp\/v2\/tags?post=95538"}],"curies":[{"name":"wp","href":"https:\/\/api.w.org\/{rel}","templated":true}]}}