{"id":95540,"date":"2020-08-13T15:13:53","date_gmt":"2020-08-13T19:13:53","guid":{"rendered":"https:\/\/linitiative.ca\/International\/international-juventus-ronaldo-propose-au-fc-barcelone\/"},"modified":"2020-08-13T15:13:53","modified_gmt":"2020-08-13T19:13:53","slug":"international-juventus-ronaldo-propose-au-fc-barcelone","status":"publish","type":"post","link":"https:\/\/linitiative.ca\/International\/international-juventus-ronaldo-propose-au-fc-barcelone\/","title":{"rendered":"International : Juventus : Ronaldo propos\u00e9 au FC Barcelone ?"},"content":{"rendered":"<div readability=\"32\">\n<p>Auteur : <span class=\"time\">jeudi 13 ao\u00fbt 2020 10:48<\/span><\/p>\n<\/div>\n<div id=\"post_core\" readability=\"57\">\n<p>On savait qu\u2019une rencontre \u00e9tait pr\u00e9vue entre les repr\u00e9sentants de CR7 et le Paris Saint-Germain. Mais selon Guilem Balague, le sp\u00e9cialiste mercato de la BBC, une autre destination est possible. D\u2019apr\u00e8s le journaliste espagnol, Jorge Mendes, le c\u00e9l\u00e8bre agent de Ronaldo, a propos\u00e9 son joueurs \u00e0 plusieurs clubs: le PSG, donc, des formations de MLS, mais \u00e9galement\u2026 le FC Barcelone comme le rapporte Football.<\/p>\n<p>D\u00e9but juillet, les rumeurs envoyaient plut\u00f4t Lionel Messi, m\u00e9content, du c\u00f4t\u00e9 de la Juventus. D\u00e9sormais, c\u2019est plut\u00f4t le Portugais qui pourrait rejoindre l\u2019Argentin, pour former un duo irr\u00e9el \u00e0 11 Ballons d\u2019or. Balague ajoute toutefois que cette hypoth\u00e8se est financi\u00e8rement tr\u00e8s improbable. Le Bar\u00e7a, qui verse un salaire \u00e9norme \u00e0 Messi (estim\u00e9 \u00e0 70 millions d\u2019euros), n\u2019a pas les moyens d\u2019assumer celui de Ronaldo.<\/p>\n<p><strong>Publi\u00e9 dans :<\/strong> <span>fc barcelone<\/span><\/p>\n<\/div>\n<p>Auteur:<br \/>\n<a href=\"http:\/\/www.lebuteur.com\/article\/detail?titre=juventus-ronaldo-propose-au-fc-barcelone&#038;id=96901&#038;utm_source=feedburner&#038;utm_medium=feed&#038;utm_campaign=Feed%3A+GalerieFArtciles+%28Les+derniers+articles++-+lebuteur.com%29\">Cliquez ici pour lire l&rsquo;article depuis sa source.<\/a><\/p>\n","protected":false},"excerpt":{"rendered":"<p>Auteur : jeudi 13 ao\u00fbt 2020 10:48 On savait qu\u2019une rencontre \u00e9tait pr\u00e9vue entre les repr\u00e9sentants de CR7 et le Paris Saint-Germain. Mais selon Guilem Balague, le sp\u00e9cialiste mercato de la BBC, une autre destination est possible. D\u2019apr\u00e8s le journaliste espagnol, Jorge Mendes, le c\u00e9l\u00e8bre agent de Ronaldo, a propos\u00e9 son joueurs \u00e0 plusieurs clubs: [&hellip;]<\/p>\n","protected":false},"author":1738,"featured_media":95541,"comment_status":"closed","ping_status":"closed","sticky":false,"template":"","format":"standard","meta":{"fifu_image_url":"","fifu_image_alt":"","footnotes":""},"categories":[53,75],"tags":[],"class_list":["post-95540","post","type-post","status-publish","format-standard","has-post-thumbnail","hentry","category-algerie","category-sport"],"_links":{"self":[{"href":"https:\/\/linitiative.ca\/International\/wp-json\/wp\/v2\/posts\/95540","targetHints":{"allow":["GET"]}}],"collection":[{"href":"https:\/\/linitiative.ca\/International\/wp-json\/wp\/v2\/posts"}],"about":[{"href":"https:\/\/linitiative.ca\/International\/wp-json\/wp\/v2\/types\/post"}],"author":[{"embeddable":true,"href":"https:\/\/linitiative.ca\/International\/wp-json\/wp\/v2\/users\/1738"}],"replies":[{"embeddable":true,"href":"https:\/\/linitiative.ca\/International\/wp-json\/wp\/v2\/comments?post=95540"}],"version-history":[{"count":0,"href":"https:\/\/linitiative.ca\/International\/wp-json\/wp\/v2\/posts\/95540\/revisions"}],"wp:featuredmedia":[{"embeddable":true,"href":"https:\/\/linitiative.ca\/International\/wp-json\/"}],"wp:attachment":[{"href":"https:\/\/linitiative.ca\/International\/wp-json\/wp\/v2\/media?parent=95540"}],"wp:term":[{"taxonomy":"category","embeddable":true,"href":"https:\/\/linitiative.ca\/International\/wp-json\/wp\/v2\/categories?post=95540"},{"taxonomy":"post_tag","embeddable":true,"href":"https:\/\/linitiative.ca\/International\/wp-json\/wp\/v2\/tags?post=95540"}],"curies":[{"name":"wp","href":"https:\/\/api.w.org\/{rel}","templated":true}]}}