{"id":95545,"date":"2020-08-13T13:00:00","date_gmt":"2020-08-13T17:00:00","guid":{"rendered":"https:\/\/linitiative.ca\/International\/appel-au-dialogue-pour-resoudre-les-questions-soulevees-par-les-citoyens\/"},"modified":"2020-08-13T13:00:00","modified_gmt":"2020-08-13T17:00:00","slug":"appel-au-dialogue-pour-resoudre-les-questions-soulevees-par-les-citoyens","status":"publish","type":"post","link":"https:\/\/linitiative.ca\/International\/appel-au-dialogue-pour-resoudre-les-questions-soulevees-par-les-citoyens\/","title":{"rendered":"Appel au dialogue pour r\u00e9soudre les questions soulev\u00e9es par les citoyens"},"content":{"rendered":"<p><h2>\u00a0<\/h2>\n<\/p>\n<div readability=\"26\">\n<p>S&rsquo;adressant aux walis \u00e0 l&rsquo;issue de leur rencontre avec le Gouvernement, le Premier ministre a d\u00e9clar\u00e9: \u00ab\u00a0Il est imp\u00e9ratif d&rsquo;ouvrir un dialogue avec les citoyens dans toutes les r\u00e9gions du pays, avant d&rsquo;imposer vos id\u00e9es dans la r\u00e9solution des questions soulev\u00e9es sur le terrain\u00a0\u00bb, plaidant pour \u00ab\u00a0l&rsquo;assimilation et la prise en charge des probl\u00e8mes et des pr\u00e9occupations des citoyens, dans le cadre de la d\u00e9mocratie participative\u00a0\u00bb.<\/p>\n<p>Il a mis l&rsquo;accent, dans ce sens, sur l&rsquo;importance de la communication notamment avec les citoyens des zones d&rsquo;ombre afin de prendre connaissance de leurs pr\u00e9occupations et leurs priorit\u00e9s.<\/p>\n<p>Concernant la pr\u00e9vention contre les feux de for\u00eats, M. Djerad a relev\u00e9 l&rsquo;imp\u00e9rative mobilisation de tous les moyens afin de pr\u00e9server les ressources foresti\u00e8res du pays, appelant les membres du Gouvernement qui n&rsquo;ont pas pu intervenir lors de cette rencontre \u00e0 \u00ab\u00a0pr\u00e9senter un r\u00e9sum\u00e9 sur leur plan d&rsquo;action dans le rapport final\u00a0\u00bb.<\/p>\n<p>APS<\/p>\n<\/div>\n<p>Auteur: elmoudjahid<br \/>\n<a href=\"http:\/\/www.elmoudjahid.com\/fr\/actualites\/157703\">Cliquez ici pour lire l&rsquo;article depuis sa source.<\/a><\/p>\n","protected":false},"excerpt":{"rendered":"<p>\u00a0 S&rsquo;adressant aux walis \u00e0 l&rsquo;issue de leur rencontre avec le Gouvernement, le Premier ministre a d\u00e9clar\u00e9: \u00ab\u00a0Il est imp\u00e9ratif d&rsquo;ouvrir un dialogue avec les citoyens dans toutes les r\u00e9gions du pays, avant d&rsquo;imposer vos id\u00e9es dans la r\u00e9solution des questions soulev\u00e9es sur le terrain\u00a0\u00bb, plaidant pour \u00ab\u00a0l&rsquo;assimilation et la prise en charge des probl\u00e8mes [&hellip;]<\/p>\n","protected":false},"author":1744,"featured_media":0,"comment_status":"closed","ping_status":"closed","sticky":false,"template":"","format":"standard","meta":{"fifu_image_url":"","fifu_image_alt":"","footnotes":""},"categories":[73,53],"tags":[],"class_list":["post-95545","post","type-post","status-publish","format-standard","hentry","category-actualite","category-algerie"],"_links":{"self":[{"href":"https:\/\/linitiative.ca\/International\/wp-json\/wp\/v2\/posts\/95545","targetHints":{"allow":["GET"]}}],"collection":[{"href":"https:\/\/linitiative.ca\/International\/wp-json\/wp\/v2\/posts"}],"about":[{"href":"https:\/\/linitiative.ca\/International\/wp-json\/wp\/v2\/types\/post"}],"author":[{"embeddable":true,"href":"https:\/\/linitiative.ca\/International\/wp-json\/wp\/v2\/users\/1744"}],"replies":[{"embeddable":true,"href":"https:\/\/linitiative.ca\/International\/wp-json\/wp\/v2\/comments?post=95545"}],"version-history":[{"count":0,"href":"https:\/\/linitiative.ca\/International\/wp-json\/wp\/v2\/posts\/95545\/revisions"}],"wp:attachment":[{"href":"https:\/\/linitiative.ca\/International\/wp-json\/wp\/v2\/media?parent=95545"}],"wp:term":[{"taxonomy":"category","embeddable":true,"href":"https:\/\/linitiative.ca\/International\/wp-json\/wp\/v2\/categories?post=95545"},{"taxonomy":"post_tag","embeddable":true,"href":"https:\/\/linitiative.ca\/International\/wp-json\/wp\/v2\/tags?post=95545"}],"curies":[{"name":"wp","href":"https:\/\/api.w.org\/{rel}","templated":true}]}}