{"id":95546,"date":"2020-08-13T12:32:00","date_gmt":"2020-08-13T16:32:00","guid":{"rendered":"https:\/\/linitiative.ca\/International\/chanegriha-la-concretisation-des-objectifs-de-defense-nationale-exige-des-approches-securitaires-plus-ouvertes\/"},"modified":"2020-08-13T12:32:00","modified_gmt":"2020-08-13T16:32:00","slug":"chanegriha-la-concretisation-des-objectifs-de-defense-nationale-exige-des-approches-securitaires-plus-ouvertes","status":"publish","type":"post","link":"https:\/\/linitiative.ca\/International\/chanegriha-la-concretisation-des-objectifs-de-defense-nationale-exige-des-approches-securitaires-plus-ouvertes\/","title":{"rendered":"Chanegriha : La concr\u00e9tisation des objectifs de d\u00e9fense nationale exige des approches s\u00e9curitaires \u00ab\u00a0plus ouvertes\u00a0\u00bb"},"content":{"rendered":"<p class=\"c7\">\u00a0<\/p>\n<p class=\"c7\">\u00ab\u00a0La concr\u00e9tisation des objectifs nationaux dans le domaine de la politique de d\u00e9fense nationale, \u00e0 la lumi\u00e8re des r\u00e9percussions des conflits et des guerres modernes, exige d&rsquo;adopter des approches s\u00e9curitaires nationales plus ouvertes et plus adapt\u00e9es aux nouveaux modes d&rsquo;affrontement, pouvant s&rsquo;\u00e9tendre davantage pour englober l&rsquo;ensemble de nos potentiels nationaux, politiques, \u00e9conomiques, sociaux, s\u00e9curitaires, m\u00e9diatiques et bien d&rsquo;autres et ce, en parfaite harmonie avec nos capacit\u00e9s militaires\u00a0\u00bb, a affirm\u00e9 le chef d&rsquo;Etat-major de l&rsquo;ANP dans son allocution \u00e0 l&rsquo;occasion de la c\u00e9r\u00e9monie de sortie de la 13e promotion \u00e0 l&rsquo;Ecole sup\u00e9rieure de Guerre.<\/p>\n<p class=\"c7\">A cet effet, \u00ab\u00a0la gestion de notre d\u00e9fense nationale, au sens large, n\u00e9cessite d&rsquo;adopter une strat\u00e9gie globale ax\u00e9e sur le d\u00e9veloppement et la coordination de l&#8217;emploi de toutes les capacit\u00e9s militaires et non militaires de la nation, afin d&rsquo;atteindre les objectifs nationaux et les int\u00e9r\u00eats vitaux et strat\u00e9giques de notre pays\u00a0\u00bb, a-t-il relev\u00e9.<\/p>\n<p class=\"c7\">Le g\u00e9n\u00e9ral de Corps d&rsquo;Arm\u00e9e a rappel\u00e9, dans le m\u00eame sillage, que \u00ab\u00a0la cr\u00e9ation de l&rsquo;Ecole sup\u00e9rieure de Guerre depuis 15 ans, dont la raison d&rsquo;\u00eatre est de dispenser un enseignement militaire dans le domaine de l&rsquo;art de la guerre, qui s&rsquo;articule sur la conception des op\u00e9rations, de leur analyse, leur planification et gestion, a pos\u00e9 les fondements d&rsquo;une culture strat\u00e9gique militaire chez les cadres de nos Forces arm\u00e9es promus, une culture qui leur apporte un capital intellectuel enrichi en permanence, par des cours dans le domaine de la gouvernance des affaires de la d\u00e9fense nationale\u00a0\u00bb.<\/p>\n<p class=\"c7\">De ce fait, \u00ab\u00a0le Haut Commandement de l&rsquo;ANP a d\u00e9cid\u00e9 de programmer une formation de haut niveau au profit de nos cadres sup\u00e9rieurs dans le domaine de la haute strat\u00e9gie, afin de leur dispenser des connaissances et des exp\u00e9riences li\u00e9es aux m\u00e9canismes politico-militaires, \u00e0 travers l&rsquo;assimilation des r\u00f4les des diff\u00e9rents acteurs dans le domaine de la d\u00e9fense nationale, et des modalit\u00e9s d&rsquo;accomplissement de leurs activit\u00e9s en parfaite harmonie, lors de l&rsquo;ex\u00e9cution des missions confi\u00e9es, ainsi que le d\u00e9veloppement de leurs savoir-faire et comp\u00e9tences, leur permettant d&rsquo;assumer les plus lourdes responsabilit\u00e9s dans la pyramide de la chaine de commandement\u00a0\u00bb, a encore ajout\u00e9 le Chef d&rsquo;Etat-major de l&rsquo;ANP.<\/p>\n<p class=\"c7\">Il a saisi cette opportunit\u00e9 pour f\u00e9liciter les promus et les exhorter de la n\u00e9cessit\u00e9 de \u00ab\u00a0s&rsquo;impr\u00e9gner des qualit\u00e9s du Chef avis\u00e9\u00a0\u00bb, avant de souligner sa \u00ab\u00a0parfaite confiance\u00a0\u00bb en leurs exp\u00e9riences acquises tout au long de leur carri\u00e8re et \u00e0 travers leur exp\u00e9rience de terrain, qui leur seront, sans nul doute, d&rsquo;une \u00ab\u00a0grande motivation\u00a0\u00bb et un \u00ab\u00a0capital riche\u00a0\u00bb pour le parfait accomplissement de leurs missions.<\/p>\n<p class=\"c7\">\u00ab\u00a0Je saisis \u00e9galement cette aimable occasion pour vous f\u00e9liciter, vous les promus, en vous souhaitant une vie professionnelle pleine de r\u00e9ussite et de succ\u00e8s, comme je vous exhorte \u00e0 vous impr\u00e9gner des qualit\u00e9s du chef avis\u00e9 qui se doit, en toutes circonstances, d&rsquo;imposer sa pr\u00e9sence, en tant que commandant charismatique, \u00e9tant l&rsquo;instructeur et l&rsquo;\u00e9ducateur, le gestionnaire de son unit\u00e9 et le meneur sur le terrain.<\/p>\n<p class=\"c7\">Gardez en vue, tout au long de votre carri\u00e8re, que le commandant se distingue par ses aptitudes, ses comp\u00e9tences et son amour pour son m\u00e9tier et non pas par son grade, car le commandement est au-dessus de tout cela, c&rsquo;est une grande responsabilit\u00e9, elle est une charge et non pas un honneur\u00a0\u00bb, a soulign\u00e9 le g\u00e9n\u00e9ral de Corps d&rsquo;Arm\u00e9e \u00e0 l&rsquo;adresse des nouvelles promotions.<\/p>\n<p class=\"c7\">\u00ab\u00a0Vous, les promus, serez charg\u00e9s de commander de grandes unit\u00e9s, ce qui exigera de vous d&rsquo;\u00eatre toujours disponibles, afin d&rsquo;assumer l&rsquo;immense responsabilit\u00e9 qui vous incombe.<\/p>\n<p class=\"c7\">Il s&rsquo;agit de commander des hommes, oui, commander des hommes, de savoir se comporter avec eux, d&#8217;employer leurs comp\u00e9tences et d&rsquo;unifier leurs efforts, pour la r\u00e9ussite des missions qui vous seront assign\u00e9es, \u00e0 vous et \u00e0 vos unit\u00e9s\u00a0\u00bb, a-t-il poursuivi.<\/p>\n<p class=\"c7\">\u00ab\u00a0Je vous souhaite tout le succ\u00e8s et la r\u00e9ussite, et je suis absolument certain que les riches exp\u00e9riences que vous avez acquises tout au long des ann\u00e9es pass\u00e9es sur le terrain, vous seront d&rsquo;un appui fort et un capital riche pour mener \u00e0 bien vos missions, qui ne se r\u00e9aliseront qu&rsquo;\u00e0 travers la sacralisation du travail et son parfait accomplissement avec loyaut\u00e9 et int\u00e9grit\u00e9, pour la protection de notre ch\u00e8re patrie et au service de notre vaillant peuple\u00a0\u00bb, a affirm\u00e9 le chef d&rsquo;Etat-major de l&rsquo;ANP.<\/p>\n<p class=\"c7\">La c\u00e9r\u00e9monie de sortie de promotion s&rsquo;est poursuivie par une allocution du g\u00e9n\u00e9ral-major Noureddine Kheloui, directeur de l&rsquo;\u00e9cole, dans laquelle il a valoris\u00e9 les efforts de ceux qui ont contribu\u00e9 \u00e0 la concr\u00e9tisation de ce grand exploit et \u00e0 atteindre ce niveau de maturit\u00e9, n&rsquo;ayant m\u00e9nag\u00e9 aucun effort pour le d\u00e9veloppement de l&rsquo;Ecole, afin de cultiver une pens\u00e9e moderne et innovante chez les g\u00e9n\u00e9rations successives de nos \u00e9lites militaires.<\/p>\n<p class=\"c7\">\u00ab\u00a0Alors que nous c\u00e9l\u00e9brons le couronnement et la r\u00e9ussite de la promotion de cette session, sortant de notre jeune \u00e9tablissement de formation, nous nous devons de valoriser les efforts de ceux qui ont contribu\u00e9 \u00e0 la concr\u00e9tisation de ce grand exploit, et \u00e0 atteindre ce niveau de maturit\u00e9, lesquels n&rsquo;ont m\u00e9nag\u00e9 aucun effort pour \u00e9riger et d\u00e9velopper notre Ecole aux normes de l&rsquo;excellence, aspirant ainsi \u00e0 son rayonnement dans la sph\u00e8re des sciences militaires, comme \u00e9tant le phare qui surplombe l&rsquo;appareil de formation de nos Forces Arm\u00e9es, qui se d\u00e9marque par les prestigieuses sciences militaires et l&rsquo;art de la guerre, ainsi que les diff\u00e9rentes sciences de gestion, les connaissances et les exp\u00e9riences, dont l&rsquo;enseignement cultivera, sans nul doute, une pens\u00e9e moderne et innovante chez les g\u00e9n\u00e9rations successives d&rsquo;\u00e9lites parmi les commandants de nos Forces Arm\u00e9es, une pens\u00e9e qui sera d&rsquo;une importance capitale dans l&rsquo;\u00e9dification et le rehaussement de notre syst\u00e8me d\u00e9fensif militaire et dans le d\u00e9veloppement de ses diverses capacit\u00e9s\u00a0\u00bb, a affirm\u00e9 le g\u00e9n\u00e9ral-major Kheloui.<\/p>\n<p class=\"c7\">Par ailleurs, un expos\u00e9 sur la promotion sortante a \u00e9t\u00e9 pr\u00e9sent\u00e9, avant de proc\u00e9der \u00e0 l&rsquo;annonce des r\u00e9sultats de cette nouvelle promotion, la remise des dipl\u00f4mes et la baptisation de la promotion au nom du Chahid El-Aloui El-Aloui, pour c\u00e9der ensuite la parole au repr\u00e9sentant des officiers stagiaires qui a prononc\u00e9 une allocution \u00e0 cette occasion avant la cl\u00f4ture de la c\u00e9r\u00e9monie.<\/p>\n<p class=\"c7\">Par la suite, le g\u00e9n\u00e9ral de Corps d&rsquo;Arm\u00e9e a visit\u00e9 la Division des Enseignements, o\u00f9 il a inspect\u00e9 les diff\u00e9rentes salles d&rsquo;\u00e9tude et les moyens p\u00e9dagogiques modernes dont dispose l&rsquo;Ecole.<\/p>\n<p class=\"c7\">Avant de cl\u00f4turer la c\u00e9r\u00e9monie, le chef d&rsquo;Etat-major de l&rsquo;ANP a rendu hommage \u00e0 la famille du Chahid dont cette nouvelle promotion porte son nom, et a sign\u00e9 le livre d&rsquo;or de l&rsquo;Ecole.<\/p>\n<p class=\"c7\">Le g\u00e9n\u00e9ral de Corps d&rsquo;Arm\u00e9e Sa\u00efd Chanegriha, a \u00e9t\u00e9 accueilli \u00e0 l&rsquo;Ecole sup\u00e9rieure de Guerre par le g\u00e9n\u00e9ral-major Ali Sidane, Commandant de la 1\u00e8re R\u00e9gion militaire et le g\u00e9n\u00e9ral-major Noureddine Kheloui, Directeur de l&rsquo;Ecole.<\/p>\n<p class=\"c7\"><strong>APS<\/strong><\/p>\n<p>Auteur: elmoudjahid<br \/>\n<a href=\"http:\/\/www.elmoudjahid.com\/fr\/actualites\/157704\">Cliquez ici pour lire l&rsquo;article depuis sa source.<\/a><\/p>\n","protected":false},"excerpt":{"rendered":"<p>\u00a0 \u00ab\u00a0La concr\u00e9tisation des objectifs nationaux dans le domaine de la politique de d\u00e9fense nationale, \u00e0 la lumi\u00e8re des r\u00e9percussions des conflits et des guerres modernes, exige d&rsquo;adopter des approches s\u00e9curitaires nationales plus ouvertes et plus adapt\u00e9es aux nouveaux modes d&rsquo;affrontement, pouvant s&rsquo;\u00e9tendre davantage pour englober l&rsquo;ensemble de nos potentiels nationaux, politiques, \u00e9conomiques, sociaux, s\u00e9curitaires, [&hellip;]<\/p>\n","protected":false},"author":1744,"featured_media":0,"comment_status":"closed","ping_status":"closed","sticky":false,"template":"","format":"standard","meta":{"fifu_image_url":"","fifu_image_alt":"","footnotes":""},"categories":[73,53],"tags":[],"class_list":["post-95546","post","type-post","status-publish","format-standard","hentry","category-actualite","category-algerie"],"_links":{"self":[{"href":"https:\/\/linitiative.ca\/International\/wp-json\/wp\/v2\/posts\/95546","targetHints":{"allow":["GET"]}}],"collection":[{"href":"https:\/\/linitiative.ca\/International\/wp-json\/wp\/v2\/posts"}],"about":[{"href":"https:\/\/linitiative.ca\/International\/wp-json\/wp\/v2\/types\/post"}],"author":[{"embeddable":true,"href":"https:\/\/linitiative.ca\/International\/wp-json\/wp\/v2\/users\/1744"}],"replies":[{"embeddable":true,"href":"https:\/\/linitiative.ca\/International\/wp-json\/wp\/v2\/comments?post=95546"}],"version-history":[{"count":0,"href":"https:\/\/linitiative.ca\/International\/wp-json\/wp\/v2\/posts\/95546\/revisions"}],"wp:attachment":[{"href":"https:\/\/linitiative.ca\/International\/wp-json\/wp\/v2\/media?parent=95546"}],"wp:term":[{"taxonomy":"category","embeddable":true,"href":"https:\/\/linitiative.ca\/International\/wp-json\/wp\/v2\/categories?post=95546"},{"taxonomy":"post_tag","embeddable":true,"href":"https:\/\/linitiative.ca\/International\/wp-json\/wp\/v2\/tags?post=95546"}],"curies":[{"name":"wp","href":"https:\/\/api.w.org\/{rel}","templated":true}]}}