{"id":95548,"date":"2020-08-13T10:01:15","date_gmt":"2020-08-13T14:01:15","guid":{"rendered":"https:\/\/linitiative.ca\/International\/108572-reunion-fifa-caf-consacree-a-la-preparation-du-retour-des-activites-footballistiques\/"},"modified":"2020-08-13T10:01:15","modified_gmt":"2020-08-13T14:01:15","slug":"108572-reunion-fifa-caf-consacree-a-la-preparation-du-retour-des-activites-footballistiques","status":"publish","type":"post","link":"https:\/\/linitiative.ca\/International\/108572-reunion-fifa-caf-consacree-a-la-preparation-du-retour-des-activites-footballistiques\/","title":{"rendered":"R\u00e9union FIFA-CAF consacr\u00e9e \u00e0 la pr\u00e9paration du retour des activit\u00e9s footballistiques"},"content":{"rendered":"<div readability=\"37.777292576419\">\n<p><strong>ALGER &#8211; Le retour des activit\u00e9s footballistiques, suspendues en raison de la pand\u00e9mie de coronavirus (Covid-19), a \u00e9t\u00e9 l&rsquo;un des point abord\u00e9s lors d&rsquo;une r\u00e9union, tenue mercredi par visioconf\u00e9rence, entre la F\u00e9d\u00e9ration internationale de football (FIFA) et la Conf\u00e9d\u00e9ration africaine (CAF), en pr\u00e9sence du pr\u00e9sident de la <em><a href=\"http:\/\/www.faf.dz\/faf-le-president-zetchi-assiste-a-la-reunion-fifa-caf\/\" target=\"_blank\" rel=\"noopener noreferrer\">F\u00e9d\u00e9ration alg\u00e9rienne de football<\/a><\/em> (FAF) Kheireddine Zetchi, rapporte l&rsquo;instance f\u00e9d\u00e9rale jeudi sur son site officiel.<\/strong><\/p>\n<\/div>\n<div readability=\"72.838616714697\">\n<p>Les fen\u00eatres FIFA (dates et calendrier international), et l&rsquo;annulation et\/ou le report de certaines comp\u00e9titions, ont \u00e9t\u00e9 \u00e9galement inscrites \u00e0 l&rsquo;ordre du jour, au cours de cette r\u00e9union de trois heures, tenue en pr\u00e9sence du pr\u00e9sident de la FIFA Gianni Infantino, du pr\u00e9sident de la CAF Ahmad Ahmad, mais aussi des membres du Conseil de la FIFA et du comit\u00e9 ex\u00e9cutif de la CAF : Faouzi Lekja\u00e2 (Maroc), premier vice-pr\u00e9sident de la CAF, Hani Abo Rida (Egypte), Tarek Bouchamaoui (Tunisie), et Ahmed Yahia (Mauritanie).<\/p>\n<p>Il y avait aussi, c\u00f4t\u00e9 FIFA, Mme Fatma Samoura, secr\u00e9taire g\u00e9n\u00e9rale, Mattias Grafstrom, secr\u00e9taire-adjoint et Veron Mosengo-Omba, directeur r\u00e9gional de la Division des associations membres Afrique et Cara\u00efbes, pr\u00e9cise la m\u00eame source.<\/p>\n<hr\/>\n<h3>Lire aussi:\u00a0<a href=\"http:\/\/www.aps.dz\/sport\/108532-coupe-d-algerie-2019-2020-la-faf-attend-la-reponse-du-mjs\" target=\"_blank\" rel=\"noopener noreferrer\">Coupe d&rsquo;Alg\u00e9rie 2019-2020: la FAF attend la r\u00e9ponse du MJS<\/a><\/h3>\n<hr\/>\n<blockquote readability=\"15\">\n<p><em><strong>\u00ab\u00a0Invit\u00e9 \u00e0 intervenir apr\u00e8s le pr\u00e9sident de la CAF, Kheireddine Zetchi a dress\u00e9 un tableau sur la situation de la pand\u00e9mie en Alg\u00e9rie, son \u00e9volution et toutes les d\u00e9cisions et mesures prises par la f\u00e9d\u00e9ration depuis le mois de mars, et l&rsquo;arr\u00eat des activit\u00e9s sportives, jusqu\u2019au dernier bureau f\u00e9d\u00e9ral tenu le 10 ao\u00fbt\u00a0\u00bb, avec notamment le recours \u00e0 \u00ab\u00a0une consultation \u00e9crite aupr\u00e8s des membres de l&rsquo;Assembl\u00e9e g\u00e9n\u00e9rale, ce qui a amen\u00e9 \u00e0 prendre la d\u00e9cision de mettre fin \u00e0 la saison 2019-2020\u00a0\u00bb, souligne la FAF.<\/strong><\/em><\/p>\n<\/blockquote>\n<p>La d\u00e9marche participative qui \u00ab\u00a0a \u00e9t\u00e9 salu\u00e9e par les instances FIFA &#8211; CAF, tout comme les efforts consentis \u00e0 s&rsquo;adapter \u00e0 une crise sans pr\u00e9c\u00e9dent, que ce soit par rapport aux r\u00e9am\u00e9nagements apport\u00e9s au syst\u00e8me de comp\u00e9tition ou bien la possibilit\u00e9 donn\u00e9e aux diff\u00e9rents d\u00e9membrements (Ligues) de continuer \u00e0 activer en attendant la tenue de leurs assembl\u00e9es g\u00e9n\u00e9rales de renouvellement de mandat\u00a0\u00bb.<\/p>\n<p>Enfin, la FAF indique que \u00ab\u00a0d\u00a0\u00bbautres r\u00e9unions sont pr\u00e9vues \u00e0 l\u2019avenir, cette fois avec la pr\u00e9sident de la CAF pour faire le point \u00e0 chaque fois sur l&rsquo;\u00e9volution de la situation dans les diff\u00e9rents pays des associations membres et l\u2019aide \u00e0 apporter \u00e0 ces derni\u00e8res\u00a0\u00bb.<\/p>\n<\/div>\n<p>Auteur:<br \/>\n<a href=\"http:\/\/www.aps.dz\/sport\/108572-reunion-fifa-caf-consacree-a-la-preparation-du-retour-des-activites-footballistiques?utm_source=feedburner&#038;utm_medium=feed&#038;utm_campaign=Feed%3A+aps-sport+%28APS+-+SPORT%29\">Cliquez ici pour lire l&rsquo;article depuis sa source.<\/a><\/p>\n","protected":false},"excerpt":{"rendered":"<p>ALGER &#8211; Le retour des activit\u00e9s footballistiques, suspendues en raison de la pand\u00e9mie de coronavirus (Covid-19), a \u00e9t\u00e9 l&rsquo;un des point abord\u00e9s lors d&rsquo;une r\u00e9union, tenue mercredi par visioconf\u00e9rence, entre la F\u00e9d\u00e9ration internationale de football (FIFA) et la Conf\u00e9d\u00e9ration africaine (CAF), en pr\u00e9sence du pr\u00e9sident de la F\u00e9d\u00e9ration alg\u00e9rienne de football (FAF) Kheireddine Zetchi, rapporte [&hellip;]<\/p>\n","protected":false},"author":1790,"featured_media":0,"comment_status":"closed","ping_status":"closed","sticky":false,"template":"","format":"standard","meta":{"fifu_image_url":"","fifu_image_alt":"","footnotes":""},"categories":[53,75],"tags":[],"class_list":["post-95548","post","type-post","status-publish","format-standard","hentry","category-algerie","category-sport"],"_links":{"self":[{"href":"https:\/\/linitiative.ca\/International\/wp-json\/wp\/v2\/posts\/95548","targetHints":{"allow":["GET"]}}],"collection":[{"href":"https:\/\/linitiative.ca\/International\/wp-json\/wp\/v2\/posts"}],"about":[{"href":"https:\/\/linitiative.ca\/International\/wp-json\/wp\/v2\/types\/post"}],"author":[{"embeddable":true,"href":"https:\/\/linitiative.ca\/International\/wp-json\/wp\/v2\/users\/1790"}],"replies":[{"embeddable":true,"href":"https:\/\/linitiative.ca\/International\/wp-json\/wp\/v2\/comments?post=95548"}],"version-history":[{"count":0,"href":"https:\/\/linitiative.ca\/International\/wp-json\/wp\/v2\/posts\/95548\/revisions"}],"wp:attachment":[{"href":"https:\/\/linitiative.ca\/International\/wp-json\/wp\/v2\/media?parent=95548"}],"wp:term":[{"taxonomy":"category","embeddable":true,"href":"https:\/\/linitiative.ca\/International\/wp-json\/wp\/v2\/categories?post=95548"},{"taxonomy":"post_tag","embeddable":true,"href":"https:\/\/linitiative.ca\/International\/wp-json\/wp\/v2\/tags?post=95548"}],"curies":[{"name":"wp","href":"https:\/\/api.w.org\/{rel}","templated":true}]}}