{"id":95550,"date":"2020-08-12T11:46:00","date_gmt":"2020-08-12T15:46:00","guid":{"rendered":"https:\/\/linitiative.ca\/International\/quatre-walis-testes-positif-au-coronavirus\/"},"modified":"2020-08-12T11:46:00","modified_gmt":"2020-08-12T15:46:00","slug":"quatre-walis-testes-positif-au-coronavirus","status":"publish","type":"post","link":"https:\/\/linitiative.ca\/International\/quatre-walis-testes-positif-au-coronavirus\/","title":{"rendered":"Quatre walis test\u00e9s positif au  coronavirus"},"content":{"rendered":"<p><br id=\"sep_para_1\" class=\"sep_para access\"\/><\/p>\n<div id=\"para_1\" class=\"para_38232808 resize\">\n<div class=\"texte access firstletter\">Le chef de l\u2019\u00c9tat Abdelmadjid Tebboune a annonc\u00e9, ce mercredi lors de l\u2019ouverture de la r\u00e9union gouvernement-walis, que quatre walis ont \u00e9t\u00e9 contamin\u00e9s par le Covid-19. Lors de l\u2019ouverture de la r\u00e9union au Palais des Nations (Club des Pins), M Tebboune a signal\u00e9 l\u2019absence de ces quatre walis, en indiquant qu\u2019ils \u00e9taient test\u00e9s positifs au Covid-19. \u00c0 noter que les travaux de la r\u00e9union gouvernement-walis, consacr\u00e9e \u00e0 l\u2019\u00e9valuation de la mise en \u0153uvre des orientations du chef de l\u2019\u00c9tat, ont d\u00e9but\u00e9 hier \u00e0 Alger.<\/div>\n<\/div>\n<p>Auteur: R\u00e9flexion<br \/>\n<a href=\"https:\/\/www.reflexiondz.net\/Quatre-walis-testes-positif-au-coronavirus_a64627.html\">Cliquez ici pour lire l&rsquo;article depuis sa source.<\/a><\/p>\n","protected":false},"excerpt":{"rendered":"<p>Le chef de l\u2019\u00c9tat Abdelmadjid Tebboune a annonc\u00e9, ce mercredi lors de l\u2019ouverture de la r\u00e9union gouvernement-walis, que quatre walis ont \u00e9t\u00e9 contamin\u00e9s par le Covid-19. Lors de l\u2019ouverture de la r\u00e9union au Palais des Nations (Club des Pins), M Tebboune a signal\u00e9 l\u2019absence de ces quatre walis, en indiquant qu\u2019ils \u00e9taient test\u00e9s positifs au [&hellip;]<\/p>\n","protected":false},"author":1740,"featured_media":0,"comment_status":"closed","ping_status":"closed","sticky":false,"template":"","format":"standard","meta":{"fifu_image_url":"","fifu_image_alt":"","footnotes":""},"categories":[53,76],"tags":[],"class_list":["post-95550","post","type-post","status-publish","format-standard","hentry","category-algerie","category-regions"],"_links":{"self":[{"href":"https:\/\/linitiative.ca\/International\/wp-json\/wp\/v2\/posts\/95550","targetHints":{"allow":["GET"]}}],"collection":[{"href":"https:\/\/linitiative.ca\/International\/wp-json\/wp\/v2\/posts"}],"about":[{"href":"https:\/\/linitiative.ca\/International\/wp-json\/wp\/v2\/types\/post"}],"author":[{"embeddable":true,"href":"https:\/\/linitiative.ca\/International\/wp-json\/wp\/v2\/users\/1740"}],"replies":[{"embeddable":true,"href":"https:\/\/linitiative.ca\/International\/wp-json\/wp\/v2\/comments?post=95550"}],"version-history":[{"count":0,"href":"https:\/\/linitiative.ca\/International\/wp-json\/wp\/v2\/posts\/95550\/revisions"}],"wp:attachment":[{"href":"https:\/\/linitiative.ca\/International\/wp-json\/wp\/v2\/media?parent=95550"}],"wp:term":[{"taxonomy":"category","embeddable":true,"href":"https:\/\/linitiative.ca\/International\/wp-json\/wp\/v2\/categories?post=95550"},{"taxonomy":"post_tag","embeddable":true,"href":"https:\/\/linitiative.ca\/International\/wp-json\/wp\/v2\/tags?post=95550"}],"curies":[{"name":"wp","href":"https:\/\/api.w.org\/{rel}","templated":true}]}}