{"id":95551,"date":"2020-08-12T11:46:00","date_gmt":"2020-08-12T15:46:00","guid":{"rendered":"https:\/\/linitiative.ca\/International\/lutte-contre-la-covid-19-benbouzid-et-lambassadeur-russe-evoquent-le-vaccin\/"},"modified":"2020-08-12T11:46:00","modified_gmt":"2020-08-12T15:46:00","slug":"lutte-contre-la-covid-19-benbouzid-et-lambassadeur-russe-evoquent-le-vaccin","status":"publish","type":"post","link":"https:\/\/linitiative.ca\/International\/lutte-contre-la-covid-19-benbouzid-et-lambassadeur-russe-evoquent-le-vaccin\/","title":{"rendered":"LUTTE CONTRE LA COVID-19 : Benbouzid et l&rsquo;ambassadeur russe \u00e9voquent le vaccin"},"content":{"rendered":"<p><br id=\"sep_para_1\" class=\"sep_para access\"\/><\/p>\n<div id=\"para_1\" class=\"para_38232799 resize\">\n<div class=\"texte access firstletter\">Le ministre de la Sant\u00e9, de la Population et de la R\u00e9forme hospitali\u00e8re, Abderrahmane Benbouzid a \u00e9voqu\u00e9, lors d&rsquo;une audience accord\u00e9e \u00e0 l&rsquo;ambassadeur de la F\u00e9d\u00e9ration de Russie en Alg\u00e9rie, Igor Beliaev, l&rsquo;\u00e9tat de disponibilit\u00e9 du vaccin dans les laboratoires russes et la grande avanc\u00e9e r\u00e9alis\u00e9e dans sa production par le Centre national russe de recherche en \u00e9pid\u00e9miologie et microbiologie, indique mercredi un communiqu\u00e9 du minist\u00e8re. Lors de cette audience qui s&rsquo;est d\u00e9roul\u00e9e en pr\u00e9sence du ministre d\u00e9l\u00e9gu\u00e9 charg\u00e9 de la R\u00e9forme hospitali\u00e8re, Pr. Ismail Mesbah, les deux parties ont \u00e9voqu\u00e9 \u00ab\u00a0la situation \u00e9pid\u00e9miologique pr\u00e9valant actuellement dans le monde suite \u00e0 la propagation de la pand\u00e9mie de la Covid-19\u00a0\u00bb. A cet effet, le ministre a rappel\u00e9 les \u00ab\u00a0instructions du pr\u00e9sident de la R\u00e9publique afin que l&rsquo;Alg\u00e9rie soit parmi les premiers pays acqu\u00e9reurs du vaccin anti covid-19, pour la pr\u00e9servation de la sant\u00e9 des citoyens\u00a0\u00bb. Les deux parties ont \u00e9galement \u00e9voqu\u00e9 \u00ab\u00a0l&rsquo;\u00e9tat de disponibilit\u00e9 du vaccin au niveau des laboratoires russes\u00a0\u00bb, pr\u00e9cise le communiqu\u00e9. L&rsquo;ambassadeur a soulign\u00e9 dans ce cadre \u00ab\u00a0la grande avanc\u00e9e r\u00e9alis\u00e9e dans la production du vaccin anti covid-19 au niveau du centre national russe de recherche en \u00e9pid\u00e9miologie et microbiologie (Gamaleya), dont l&rsquo;enregistrement avait \u00e9t\u00e9 annonc\u00e9 et sera disponible sur le march\u00e9 international fin 2020 voire d\u00e9but 2021\u00a0\u00bb.\u00a0<\/div>\n<\/div>\n<p>Auteur: Ismain<br \/>\n<a href=\"https:\/\/www.reflexiondz.net\/LUTTE-CONTRE-LA-COVID-19-Benbouzid-et-l-ambassadeur-russe-evoquent-le-vaccin_a64624.html\">Cliquez ici pour lire l&rsquo;article depuis sa source.<\/a><\/p>\n","protected":false},"excerpt":{"rendered":"<p>Le ministre de la Sant\u00e9, de la Population et de la R\u00e9forme hospitali\u00e8re, Abderrahmane Benbouzid a \u00e9voqu\u00e9, lors d&rsquo;une audience accord\u00e9e \u00e0 l&rsquo;ambassadeur de la F\u00e9d\u00e9ration de Russie en Alg\u00e9rie, Igor Beliaev, l&rsquo;\u00e9tat de disponibilit\u00e9 du vaccin dans les laboratoires russes et la grande avanc\u00e9e r\u00e9alis\u00e9e dans sa production par le Centre national russe de [&hellip;]<\/p>\n","protected":false},"author":1740,"featured_media":0,"comment_status":"closed","ping_status":"closed","sticky":false,"template":"","format":"standard","meta":{"fifu_image_url":"","fifu_image_alt":"","footnotes":""},"categories":[53,76],"tags":[],"class_list":["post-95551","post","type-post","status-publish","format-standard","hentry","category-algerie","category-regions"],"_links":{"self":[{"href":"https:\/\/linitiative.ca\/International\/wp-json\/wp\/v2\/posts\/95551","targetHints":{"allow":["GET"]}}],"collection":[{"href":"https:\/\/linitiative.ca\/International\/wp-json\/wp\/v2\/posts"}],"about":[{"href":"https:\/\/linitiative.ca\/International\/wp-json\/wp\/v2\/types\/post"}],"author":[{"embeddable":true,"href":"https:\/\/linitiative.ca\/International\/wp-json\/wp\/v2\/users\/1740"}],"replies":[{"embeddable":true,"href":"https:\/\/linitiative.ca\/International\/wp-json\/wp\/v2\/comments?post=95551"}],"version-history":[{"count":0,"href":"https:\/\/linitiative.ca\/International\/wp-json\/wp\/v2\/posts\/95551\/revisions"}],"wp:attachment":[{"href":"https:\/\/linitiative.ca\/International\/wp-json\/wp\/v2\/media?parent=95551"}],"wp:term":[{"taxonomy":"category","embeddable":true,"href":"https:\/\/linitiative.ca\/International\/wp-json\/wp\/v2\/categories?post=95551"},{"taxonomy":"post_tag","embeddable":true,"href":"https:\/\/linitiative.ca\/International\/wp-json\/wp\/v2\/tags?post=95551"}],"curies":[{"name":"wp","href":"https:\/\/api.w.org\/{rel}","templated":true}]}}