{"id":95603,"date":"2020-08-13T12:04:49","date_gmt":"2020-08-13T16:04:49","guid":{"rendered":"https:\/\/linitiative.ca\/International\/cameroun-union-europeenne-yaounde-suspend-lextension-de-lape\/"},"modified":"2020-08-13T12:04:49","modified_gmt":"2020-08-13T16:04:49","slug":"cameroun-union-europeenne-yaounde-suspend-lextension-de-lape","status":"publish","type":"post","link":"https:\/\/linitiative.ca\/International\/cameroun-union-europeenne-yaounde-suspend-lextension-de-lape\/","title":{"rendered":"Cameroun-Union Europ\u00e9enne : Yaound\u00e9 suspend l\u2019extension de l\u2019APE"},"content":{"rendered":"<p>EcoMatin a appris, d\u2019une source g\u00e9n\u00e9ralement bien inform\u00e9e, que le calendrier de mise en \u0153uvre au Cameroun de l\u2019accord d\u2019\u00e9tape vers l\u2019accord de partenariat \u00c9conomique (APE), en vigueur depuis le 3 ao\u00fbt 2016 et qui r\u00e9git les \u00e9changes commerciaux entre l\u2019Union Europ\u00e9enne et le Cameroun, a \u00e9t\u00e9 suspendu. Le d\u00e9mant\u00e8lement des barri\u00e8res douani\u00e8res \u00e0 l\u2019importation n\u2019est pas pass\u00e9 \u00e0 la phase 5 qui concerne les produits dits du 3\u00e8me groupe, d\u00e9but octobre 2020. Il restera bloqu\u00e9 au niveau acquis en 2019. Selon la source de EcoMatin, cette mesure, dite de \u00absauvegarde\u00bb, aurait \u00e9t\u00e9 notifi\u00e9e \u00e0 l\u2019Union Europ\u00e9enne par le gouvernement camerounais avant l\u2019\u00e9ch\u00e9ance du 1er octobre 2020 et devrait durer 200 jours. \u00abA cause de la crise sanitaire en cours, le gouvernement camerounais a en effet fait recours \u00e0 l\u2019article 31 de l\u2019APE. Cet article est pr\u00e9vu pour les mesures de sauvegarde, en cas de difficult\u00e9s\u00bb, confirme une source proche du dossier, c\u00f4t\u00e9 Union Europ\u00e9enne.<\/p>\n<p><strong>Lire aussi<\/strong> : \u00a0<a href=\"https:\/\/ecomatin.net\/la-banane-camerounaise-a-lepreuve-des-ape\/\">La banane camerounaise \u00e0 l\u2019\u00e9preuve des APE<\/a><\/p>\n<p>Qu\u2019est ce qui a pu d\u00e9cider le gouvernement camerounais \u00e0 prendre une d\u00e9cision aussi lourde de cons\u00e9quences, mettant ainsi un coup de canif \u00e0 cet accord? \u00ab L\u2019Etat a besoin de collecter des ressources pour faire face \u00e0 la crise de la Covid-19\u00a0\u00bb.<\/p>\n<p>Selon ses \u00e9valuations, il s\u2019agit d\u2019\u00e9viter une moins-value douani\u00e8re de l\u2019ordre de 2,5 \u00e0 10 milliards FCFA qui serait engendr\u00e9e par l\u2019extension du d\u00e9mant\u00e8lement des barri\u00e8res tarifaires aux produits du 3\u00e8me groupe\u00bb, assure la source de EcoMatin. \u00abLes choses sont un peu plus complexes que cela\u00bb, commence un officiel camerounais. Qui poursuit : \u00abLa fermeture des fronti\u00e8res d\u00e9cid\u00e9e par le gouvernement pour limiter l\u2019importation du Coronavirus dans notre pays, a fait perdre plusieurs centaines de milliards de francs CFA \u00e0 l\u2019Etat, qui a grand besoin de ressources en ce moment. Donc, pour r\u00e9pondre \u00e0 tous les d\u00e9fis que cette crise pose, il nous faut imp\u00e9rativement maximiser la collecte de toutes les ressources possibles d\u2019\u00eatre collecter\u00bb.<\/p>\n<p><strong>Lire aussi<\/strong> : <a href=\"https:\/\/ecomatin.net\/par-xavier-messe-les-accords-de-partenariat-economique-ape-vus-sous-le-prisme-de-la-grande-coulisse-mondiale\/\">Les accords de partenariats \u00e9conomiques (ape) vus sous le prisme de la grande coulisse mondiale<\/a><\/p>\n<p><strong>Calendrier initial<\/strong><\/p>\n<p>Pourtant, selon le calendrier initial, les v\u00e9hicules de tourisme et de transports de personnes, les motocycles, les carburants, les ciments\u2026en provenance de l\u2019Union europ\u00e9enne (UE), devaient b\u00e9n\u00e9ficier \u00e0 l\u2019importation, depuis le 04 ao\u00fbt dernier, d\u2019une exon\u00e9ration de 10% des droits de douanes.<\/p>\n<p>Entr\u00e9 en vigueur le 04 aout 2016, l\u2019APE consacre d\u2019une part, l\u2019acc\u00e8s en franchise de droits de douane et de quotas des produits camerounais sur le march\u00e9 de l\u2019UE et, d\u2019autre part, la suppression progressive des droits de douane pour 80% des produits originaires de l\u2019UE \u00e0 leur entr\u00e9e sur le territoire camerounais.<\/p>\n<p>S\u2019agissant de cette suppression, le taux de d\u00e9mant\u00e8lement s\u2019applique de mani\u00e8re progressive et en trois \u00e9tapes correspondant \u00e0 trois groupes de produits \u00e0 lib\u00e9raliser selon leur nature.<\/p>\n<p><strong>Lire aussi<\/strong> : <a href=\"https:\/\/ecomatin.net\/accord-de-partenariat-economique-le-cameroun-tente-danticiper-les-consequences-du-brexit\/\">APE\u00a0: le Cameroun tente d\u2019anticiper les cons\u00e9quences\u00a0\u00a0du Brexit<\/a><\/p>\n<p>Class\u00e9s comme produits du 3e groupe dans le cadre de cet accord, ceux sus cit\u00e9s doivent b\u00e9n\u00e9ficier d\u2019une d\u00e9cote progressive de 10% chaque ann\u00e9e, jusqu\u2019\u00e0 l\u2019exon\u00e9ration totale en 2029 tel que pr\u00e9vu dans le calendrier de d\u00e9mant\u00e8lement tarifaire par groupes de produits.<\/p>\n<p>S\u2019agissant des marchandises du premier groupe, dont l\u2019objectif est la r\u00e9duction de la pauvret\u00e9 et l\u2019am\u00e9lioration du bien-\u00eatre des populations, l\u2019exon\u00e9ration avait commenc\u00e9 en 2016 par un d\u00e9mant\u00e8lement partiel des droits de douanes de 25% par an.<\/p>\n<p>Depuis 2019, ils en sont totalement exon\u00e9r\u00e9s. Dans le d\u00e9tail, il s\u2019agit des produits tels que les machines industrielles, les turbines, les grues, les machines \u00e0 coudre, \u00e0 scier, les ordinateurs; mais aussi de produits de premi\u00e8re n\u00e9cessit\u00e9 tels que les m\u00e9dicaments, les appareils m\u00e9dicaux, les produits chimiques de base etc.<\/p>\n<p>S\u2019agissant du second groupe, dont le d\u00e9mant\u00e8lement a d\u00e9marr\u00e9 le 04 ao\u00fbt 2017, avec une d\u00e9cote annuelle de 15% sur le droit de douane, ses produits b\u00e9n\u00e9ficient depuis le 4 ao\u00fbt 2020, d\u2019une exon\u00e9ration de 60% \u00e0 l\u2019import. L\u2019objectif ici \u00e9tant d\u2019am\u00e9liorer la productivit\u00e9 de la production locale, notamment dans le domaine de l\u2019agriculture.<\/p>\n<p>Rentrent dans cette cat\u00e9gorie, les produits tels que les v\u00e9hicules pour le transport de marchandises, les remorques, les tracteurs, et d\u2019autres machines et appareils industriels et \u00e9lectriques, des produits en fer ou acier et d\u2019autres m\u00e9taux bruts ou semi-finis, certains papiers et cartons, des produits en caoutchouc semi-fini, etc. Tous seront totalement lib\u00e9ralis\u00e9s d\u2019ici 2023.<\/p>\n<p><strong>Lire aussi<\/strong> : \u00a0<a href=\"https:\/\/ecomatin.net\/ape-cameroun-union-europeenne-la-question-des-regles-dorigine-de-nouveau-sur-la-table\/\">APE Cameroun-Union europ\u00e9enne\u00a0: la question des r\u00e8gles d\u2019origine de nouveau sur la table<\/a><\/p>\n<p><strong>D\u00e9nonciations<\/strong><\/p>\n<p>Cependant, et selon les termes de l\u2019Accord de partenariat \u00c9conomique, les produits en provenance de l\u2019Union europ\u00e9enne ne seront pas tous lib\u00e9ralis\u00e9s par le Cameroun. Il s\u2019agit des produits du groupe 5 compos\u00e9s du coton, les perles et les pierres pr\u00e9cieuses, les produits textiles, l\u2019huile d\u2019olive et les olives de table, les viandes, les crustac\u00e9s, le lait et ses produits, le caf\u00e9, le cacao, les tabacs, les fruits, le ciment, les produits de beaut\u00e9 et de maquillage, le caoutchouc et ses articles et les v\u00e9hicules automobiles.<\/p>\n<p>L\u2019objectif pour le pays \u00e9tant ici de prot\u00e9ger ses secteurs sensibles et de pr\u00e9server ses recettes fiscales.<\/p>\n<p>Depuis l\u2019entr\u00e9e en vigueur de cet accord en 2016, sa mise en \u0153uvre au Cameroun, le secteur priv\u00e9 n\u2019a pas eu de mots assez durs pour le condamner. Les dirigeants des principaux regroupements patronaux comme le Groupement Inter patronal du Cameroun (Gicam) et Entreprises du Cameroun (Ecam) soutiennent notamment que cet accord est un frein important \u00e0 l\u2019\u00e9closion d\u2019un tissu industriel national performant.<\/p>\n<p><strong>Lire aussi<\/strong> : <a href=\"https:\/\/ecomatin.net\/mis-en-place-de-lape-le-cameroun-perd-10-milliards-fcfa-en-4-ans\/\">Mise en place de l\u2019APE\u00a0: le Cameroun perd 10 milliards de FCFA en 4 ans<\/a><\/p>\n<div class=\"awac-wrapper awac widget posts-list-widget-11\">\n<h4 class=\"widget-title\">Le plus r\u00e9cent<\/h4>\n<\/div>\n<p>Auteur: Eco Matin<br \/>\n<a href=\"https:\/\/ecomatin.net\/cameroun-union-europeenne-yaounde-suspend-lextension-de-lape\/\">Cliquez ici pour lire l&rsquo;article depuis sa source.<\/a><\/p>\n","protected":false},"excerpt":{"rendered":"<p>EcoMatin a appris, d\u2019une source g\u00e9n\u00e9ralement bien inform\u00e9e, que le calendrier de mise en \u0153uvre au Cameroun de l\u2019accord d\u2019\u00e9tape vers l\u2019accord de partenariat \u00c9conomique (APE), en vigueur depuis le 3 ao\u00fbt 2016 et qui r\u00e9git les \u00e9changes commerciaux entre l\u2019Union Europ\u00e9enne et le Cameroun, a \u00e9t\u00e9 suspendu. Le d\u00e9mant\u00e8lement des barri\u00e8res douani\u00e8res \u00e0 l\u2019importation [&hellip;]<\/p>\n","protected":false},"author":1969,"featured_media":0,"comment_status":"closed","ping_status":"closed","sticky":false,"template":"","format":"standard","meta":{"fifu_image_url":"","fifu_image_alt":"","footnotes":""},"categories":[82,78],"tags":[],"class_list":["post-95603","post","type-post","status-publish","format-standard","hentry","category-cameroun","category-economie"],"_links":{"self":[{"href":"https:\/\/linitiative.ca\/International\/wp-json\/wp\/v2\/posts\/95603","targetHints":{"allow":["GET"]}}],"collection":[{"href":"https:\/\/linitiative.ca\/International\/wp-json\/wp\/v2\/posts"}],"about":[{"href":"https:\/\/linitiative.ca\/International\/wp-json\/wp\/v2\/types\/post"}],"author":[{"embeddable":true,"href":"https:\/\/linitiative.ca\/International\/wp-json\/wp\/v2\/users\/1969"}],"replies":[{"embeddable":true,"href":"https:\/\/linitiative.ca\/International\/wp-json\/wp\/v2\/comments?post=95603"}],"version-history":[{"count":0,"href":"https:\/\/linitiative.ca\/International\/wp-json\/wp\/v2\/posts\/95603\/revisions"}],"wp:attachment":[{"href":"https:\/\/linitiative.ca\/International\/wp-json\/wp\/v2\/media?parent=95603"}],"wp:term":[{"taxonomy":"category","embeddable":true,"href":"https:\/\/linitiative.ca\/International\/wp-json\/wp\/v2\/categories?post=95603"},{"taxonomy":"post_tag","embeddable":true,"href":"https:\/\/linitiative.ca\/International\/wp-json\/wp\/v2\/tags?post=95603"}],"curies":[{"name":"wp","href":"https:\/\/api.w.org\/{rel}","templated":true}]}}