{"id":95618,"date":"2020-08-14T06:26:31","date_gmt":"2020-08-14T10:26:31","guid":{"rendered":"https:\/\/linitiative.ca\/International\/medenine-demantelement-dune-cellule-integriste\/"},"modified":"2020-08-14T06:26:31","modified_gmt":"2020-08-14T10:26:31","slug":"medenine-demantelement-dune-cellule-integriste","status":"publish","type":"post","link":"https:\/\/linitiative.ca\/International\/medenine-demantelement-dune-cellule-integriste\/","title":{"rendered":"M\u00e9denine: D\u00e9mant\u00e8lement d\u2019une cellule int\u00e9griste"},"content":{"rendered":"<div class=\"desc descp__content\" data-io-article-url=\"https:\/\/www.mosaiquefm.net\/fr\/actualite-faits-divers\/781069\/medenine-demantelement-d-une-cellule-integriste\">\n<p><strong>Le minist\u00e8re de l\u2019Int\u00e9rieur a annonc\u00e9 ce vendredi 14 ao\u00fbt 2020 dans un communiqu\u00e9 que l\u2019unit\u00e9 nationale de recherche dans crimes terroristes a r\u00e9ussi \u00e0 d\u00e9manteler une cellule int\u00e9griste compos\u00e9e de trois individus \u00e0 M\u00e9denine. Le trio avait l\u2019intention de rejoindre une zone de conflits.<\/strong><\/p>\n<p>Pour atteindre cet objectif, le groupe a d\u00e9cid\u00e9 de cambrioler une maison et de mettre la main sur une quantit\u00e9 de bijoux d\u2019une valeur de sept mille dinars.<\/p>\n<p>L\u2019argent devait financer leur projet.<\/p>\n<p>Le minist\u00e8re public au p\u00f4le judiciaire de lutte contre le terrorisme a ordonn\u00e9 l\u2019arrestation des individus et de saisir les bijoux d\u00e9rob\u00e9s.<\/p>\n<\/div>\n<div class=\"date text-center\"><strong>source:mosaiquefm<\/strong><\/div>\n<div class=\"wp-post-author-wrap wp-post-author-shortcode left\">\n<h3 class=\"awpa-title\"\/>\n<div class=\"wp-post-author\">\n<div class=\"awpa-img awpa-author-block square\"><a href=\"http:\/\/lexpertjournal.net\/fr\/?author=5\"><img loading=\"lazy\" decoding=\"async\" alt=\"\" src=\"http:\/\/0.gravatar.com\/avatar\/97f8e10a1c1125ba104a76514ee07b16?s=150&amp;d=mm&amp;r=g\" srcset=\"http:\/\/0.gravatar.com\/avatar\/97f8e10a1c1125ba104a76514ee07b16?s=300&amp;d=mm&amp;r=g 2x\" class=\"avatar avatar-150 photo\" height=\"150\" width=\"150\"\/><\/a><\/div>\n<\/div>\n<\/div>\n<aside class=\"mashsb-container mashsb-main mashsb-stretched\">\n<\/aside>\n<p>Auteur: L&rsquo;expert<br \/>\n<a href=\"http:\/\/lexpertjournal.net\/fr\/?p=16196\">Cliquez ici pour lire l&rsquo;article depuis sa source.<\/a><\/p>\n","protected":false},"excerpt":{"rendered":"<p>Le minist\u00e8re de l\u2019Int\u00e9rieur a annonc\u00e9 ce vendredi 14 ao\u00fbt 2020 dans un communiqu\u00e9 que l\u2019unit\u00e9 nationale de recherche dans crimes terroristes a r\u00e9ussi \u00e0 d\u00e9manteler une cellule int\u00e9griste compos\u00e9e de trois individus \u00e0 M\u00e9denine. Le trio avait l\u2019intention de rejoindre une zone de conflits. Pour atteindre cet objectif, le groupe a d\u00e9cid\u00e9 de cambrioler [&hellip;]<\/p>\n","protected":false},"author":1775,"featured_media":0,"comment_status":"closed","ping_status":"closed","sticky":false,"template":"","format":"standard","meta":{"fifu_image_url":"","fifu_image_alt":"","footnotes":""},"categories":[78,55],"tags":[],"class_list":["post-95618","post","type-post","status-publish","format-standard","hentry","category-economie","category-tunisie"],"_links":{"self":[{"href":"https:\/\/linitiative.ca\/International\/wp-json\/wp\/v2\/posts\/95618","targetHints":{"allow":["GET"]}}],"collection":[{"href":"https:\/\/linitiative.ca\/International\/wp-json\/wp\/v2\/posts"}],"about":[{"href":"https:\/\/linitiative.ca\/International\/wp-json\/wp\/v2\/types\/post"}],"author":[{"embeddable":true,"href":"https:\/\/linitiative.ca\/International\/wp-json\/wp\/v2\/users\/1775"}],"replies":[{"embeddable":true,"href":"https:\/\/linitiative.ca\/International\/wp-json\/wp\/v2\/comments?post=95618"}],"version-history":[{"count":0,"href":"https:\/\/linitiative.ca\/International\/wp-json\/wp\/v2\/posts\/95618\/revisions"}],"wp:attachment":[{"href":"https:\/\/linitiative.ca\/International\/wp-json\/wp\/v2\/media?parent=95618"}],"wp:term":[{"taxonomy":"category","embeddable":true,"href":"https:\/\/linitiative.ca\/International\/wp-json\/wp\/v2\/categories?post=95618"},{"taxonomy":"post_tag","embeddable":true,"href":"https:\/\/linitiative.ca\/International\/wp-json\/wp\/v2\/tags?post=95618"}],"curies":[{"name":"wp","href":"https:\/\/api.w.org\/{rel}","templated":true}]}}