{"id":95619,"date":"2020-08-14T06:29:00","date_gmt":"2020-08-14T10:29:00","guid":{"rendered":"https:\/\/linitiative.ca\/International\/covid-19-installation-du-laboratoire-militaire-mobile-a-gabes-lundi\/"},"modified":"2020-08-14T06:29:00","modified_gmt":"2020-08-14T10:29:00","slug":"covid-19-installation-du-laboratoire-militaire-mobile-a-gabes-lundi","status":"publish","type":"post","link":"https:\/\/linitiative.ca\/International\/covid-19-installation-du-laboratoire-militaire-mobile-a-gabes-lundi\/","title":{"rendered":"Covid-19: Installation du laboratoire militaire mobile \u00e0 Gab\u00e8s lundi"},"content":{"rendered":"<p><strong>Nissaf Ben Alaya, directrice de l\u2019observatoire national des maladies nouvelles et \u00e9mergentes, a assur\u00e9 ce vendredi 14 ao\u00fbt 2020 au correspondant de Mosa\u00efque FM que le laboratoire militaire mobile sera install\u00e9 \u00e0 Gab\u00e8s.<\/strong><\/p>\n<p>Une large op\u00e9ration de d\u00e9pistage aura lieu pour aider les \u00e9quipes m\u00e9dicales \u00e0 localiser les zones o\u00f9 se trouvent le plus de personnes contamin\u00e9es au coronavirus.<\/p>\n<p>Rappelons qu\u2019un grand nombre de personnes ont \u00e9t\u00e9 contamin\u00e9es au virus \u00e0 la ville d\u2019El Hamma et \u00e0 la ville de Gab\u00e8s.<\/p>\n<p><strong>source;mosaiquefm<\/strong><\/p>\n<div class=\"wp-post-author-wrap wp-post-author-shortcode left\">\n<h3 class=\"awpa-title\"\/>\n<div class=\"wp-post-author\">\n<div class=\"awpa-img awpa-author-block square\"><a href=\"http:\/\/lexpertjournal.net\/fr\/?author=5\"><img loading=\"lazy\" decoding=\"async\" alt=\"\" src=\"http:\/\/0.gravatar.com\/avatar\/97f8e10a1c1125ba104a76514ee07b16?s=150&amp;d=mm&amp;r=g\" srcset=\"http:\/\/0.gravatar.com\/avatar\/97f8e10a1c1125ba104a76514ee07b16?s=300&amp;d=mm&amp;r=g 2x\" class=\"avatar avatar-150 photo\" height=\"150\" width=\"150\"\/><\/a><\/div>\n<\/div>\n<\/div>\n<aside class=\"mashsb-container mashsb-main mashsb-stretched\">\n<\/aside>\n<p>Auteur: L&rsquo;expert<br \/>\n<a href=\"http:\/\/lexpertjournal.net\/fr\/?p=16199\">Cliquez ici pour lire l&rsquo;article depuis sa source.<\/a><\/p>\n","protected":false},"excerpt":{"rendered":"<p>Nissaf Ben Alaya, directrice de l\u2019observatoire national des maladies nouvelles et \u00e9mergentes, a assur\u00e9 ce vendredi 14 ao\u00fbt 2020 au correspondant de Mosa\u00efque FM que le laboratoire militaire mobile sera install\u00e9 \u00e0 Gab\u00e8s. Une large op\u00e9ration de d\u00e9pistage aura lieu pour aider les \u00e9quipes m\u00e9dicales \u00e0 localiser les zones o\u00f9 se trouvent le plus de [&hellip;]<\/p>\n","protected":false},"author":1775,"featured_media":0,"comment_status":"closed","ping_status":"closed","sticky":false,"template":"","format":"standard","meta":{"fifu_image_url":"","fifu_image_alt":"","footnotes":""},"categories":[78,55],"tags":[],"class_list":["post-95619","post","type-post","status-publish","format-standard","hentry","category-economie","category-tunisie"],"_links":{"self":[{"href":"https:\/\/linitiative.ca\/International\/wp-json\/wp\/v2\/posts\/95619","targetHints":{"allow":["GET"]}}],"collection":[{"href":"https:\/\/linitiative.ca\/International\/wp-json\/wp\/v2\/posts"}],"about":[{"href":"https:\/\/linitiative.ca\/International\/wp-json\/wp\/v2\/types\/post"}],"author":[{"embeddable":true,"href":"https:\/\/linitiative.ca\/International\/wp-json\/wp\/v2\/users\/1775"}],"replies":[{"embeddable":true,"href":"https:\/\/linitiative.ca\/International\/wp-json\/wp\/v2\/comments?post=95619"}],"version-history":[{"count":0,"href":"https:\/\/linitiative.ca\/International\/wp-json\/wp\/v2\/posts\/95619\/revisions"}],"wp:attachment":[{"href":"https:\/\/linitiative.ca\/International\/wp-json\/wp\/v2\/media?parent=95619"}],"wp:term":[{"taxonomy":"category","embeddable":true,"href":"https:\/\/linitiative.ca\/International\/wp-json\/wp\/v2\/categories?post=95619"},{"taxonomy":"post_tag","embeddable":true,"href":"https:\/\/linitiative.ca\/International\/wp-json\/wp\/v2\/tags?post=95619"}],"curies":[{"name":"wp","href":"https:\/\/api.w.org\/{rel}","templated":true}]}}