{"id":95620,"date":"2020-08-14T06:32:04","date_gmt":"2020-08-14T10:32:04","guid":{"rendered":"https:\/\/linitiative.ca\/International\/covid-19-2-infirmieres-positives-a-lhopital-de-msaken\/"},"modified":"2020-08-14T06:32:04","modified_gmt":"2020-08-14T10:32:04","slug":"covid-19-2-infirmieres-positives-a-lhopital-de-msaken","status":"publish","type":"post","link":"https:\/\/linitiative.ca\/International\/covid-19-2-infirmieres-positives-a-lhopital-de-msaken\/","title":{"rendered":"Covid-19: 2 infirmi\u00e8res positives \u00e0 l\u2019h\u00f4pital de Msaken"},"content":{"rendered":"<div class=\"desc descp__content\" data-io-article-url=\"https:\/\/www.mosaiquefm.net\/fr\/actualite-national-tunisie\/781085\/covid-19-2-infirmieres-positives-a-l-hopital-de-msaken\">\n<p><strong>Mohamed Ghodhbani, directeur r\u00e9gional de la sant\u00e9 \u00e0 Sousse a assur\u00e9 que les consultations externes du service de m\u00e9decine dentaire de l\u2019h\u00f4pital r\u00e9gional de Msaken a \u00e9t\u00e9 ferm\u00e9 ce vendredi 14 ao\u00fbt 2020.<\/strong><\/p>\n<p>Les tests de d\u00e9pistage ont confirm\u00e9 la contamination de deux infirmi\u00e8res au coronavirus. Il s\u2019agit de cas annonc\u00e9s depuis hier.<\/p>\n<p>Le responsable r\u00e9gional a ajout\u00e9 que tout le personnel m\u00e9dical et param\u00e9dical sera soumis aux tests de d\u00e9pistage du virus.<br \/>Ghodhbani a assur\u00e9 que les \u00e9chantillons des tests de cadres param\u00e9dicaux du service ORL travaillant au CHU Farhat Hached ont \u00e9t\u00e9 envoy\u00e9s au laboratoire. Ils \u00e9taient en contact avec un jeune homme positif au coronavirus.<\/p>\n<p><strong>source; mosaiquefm<\/strong><\/p>\n<\/div>\n<div class=\"wp-post-author-wrap wp-post-author-shortcode left\">\n<h3 class=\"awpa-title\"\/>\n<div class=\"wp-post-author\">\n<div class=\"awpa-img awpa-author-block square\"><a href=\"http:\/\/lexpertjournal.net\/fr\/?author=5\"><img loading=\"lazy\" decoding=\"async\" alt=\"\" src=\"http:\/\/0.gravatar.com\/avatar\/97f8e10a1c1125ba104a76514ee07b16?s=150&amp;d=mm&amp;r=g\" srcset=\"http:\/\/0.gravatar.com\/avatar\/97f8e10a1c1125ba104a76514ee07b16?s=300&amp;d=mm&amp;r=g 2x\" class=\"avatar avatar-150 photo\" height=\"150\" width=\"150\"\/><\/a><\/div>\n<\/div>\n<\/div>\n<aside class=\"mashsb-container mashsb-main mashsb-stretched\">\n<\/aside>\n<p>Auteur: L&rsquo;expert<br \/>\n<a href=\"http:\/\/lexpertjournal.net\/fr\/?p=16202\">Cliquez ici pour lire l&rsquo;article depuis sa source.<\/a><\/p>\n","protected":false},"excerpt":{"rendered":"<p>Mohamed Ghodhbani, directeur r\u00e9gional de la sant\u00e9 \u00e0 Sousse a assur\u00e9 que les consultations externes du service de m\u00e9decine dentaire de l\u2019h\u00f4pital r\u00e9gional de Msaken a \u00e9t\u00e9 ferm\u00e9 ce vendredi 14 ao\u00fbt 2020. Les tests de d\u00e9pistage ont confirm\u00e9 la contamination de deux infirmi\u00e8res au coronavirus. Il s\u2019agit de cas annonc\u00e9s depuis hier. Le responsable [&hellip;]<\/p>\n","protected":false},"author":1775,"featured_media":0,"comment_status":"closed","ping_status":"closed","sticky":false,"template":"","format":"standard","meta":{"fifu_image_url":"","fifu_image_alt":"","footnotes":""},"categories":[78,55],"tags":[],"class_list":["post-95620","post","type-post","status-publish","format-standard","hentry","category-economie","category-tunisie"],"_links":{"self":[{"href":"https:\/\/linitiative.ca\/International\/wp-json\/wp\/v2\/posts\/95620","targetHints":{"allow":["GET"]}}],"collection":[{"href":"https:\/\/linitiative.ca\/International\/wp-json\/wp\/v2\/posts"}],"about":[{"href":"https:\/\/linitiative.ca\/International\/wp-json\/wp\/v2\/types\/post"}],"author":[{"embeddable":true,"href":"https:\/\/linitiative.ca\/International\/wp-json\/wp\/v2\/users\/1775"}],"replies":[{"embeddable":true,"href":"https:\/\/linitiative.ca\/International\/wp-json\/wp\/v2\/comments?post=95620"}],"version-history":[{"count":0,"href":"https:\/\/linitiative.ca\/International\/wp-json\/wp\/v2\/posts\/95620\/revisions"}],"wp:attachment":[{"href":"https:\/\/linitiative.ca\/International\/wp-json\/wp\/v2\/media?parent=95620"}],"wp:term":[{"taxonomy":"category","embeddable":true,"href":"https:\/\/linitiative.ca\/International\/wp-json\/wp\/v2\/categories?post=95620"},{"taxonomy":"post_tag","embeddable":true,"href":"https:\/\/linitiative.ca\/International\/wp-json\/wp\/v2\/tags?post=95620"}],"curies":[{"name":"wp","href":"https:\/\/api.w.org\/{rel}","templated":true}]}}